{"id":2835,"date":"2024-09-20T12:49:33","date_gmt":"2024-09-20T10:49:33","guid":{"rendered":"https:\/\/www.raulmayoral.es\/?p=2835"},"modified":"2024-09-20T12:49:34","modified_gmt":"2024-09-20T10:49:34","slug":"20-de-septiembre-san-eustaquio-sigo-ii","status":"publish","type":"post","link":"https:\/\/www.raulmayoral.es\/index.php\/2024\/09\/20\/20-de-septiembre-san-eustaquio-sigo-ii\/","title":{"rendered":"20 de septiembre. San Eustaquio (\u00bfsigo II?)"},"content":{"rendered":"\n<p class=\"wp-block-paragraph\">Se le supone un general del emperador <strong>Trajano<\/strong> llamado <strong>Pl\u00e1cido<\/strong>, id\u00f3latra pero muy caritativo, que un d\u00eda que andaba de caza por los alrededores de T\u00edvoli persigui\u00f3 a un ciervo que al verse acosado se volvi\u00f3 hacia \u00e9l mostrando una cruz luminosa entre las astas (algo semejante se cuenta de <strong>San Huberto<\/strong>).<\/p>\n\n\n\n<p class=\"wp-block-paragraph\">Pl\u00e1cido se convierte junto con su esposa y sus dos hijos, y cambia de nombre por el de <strong>Eustaquio<\/strong>, pero el descubrimiento de la fe va unido a un alud de desgracias que se abaten sobre la familia: pierden todas sus riquezas, tienen que salir de Roma, los esposos se ven separados en dram\u00e1ticas circunstancias y en antiguo general da por muertos a sus hijos.<\/p>\n\n\n\n<p class=\"wp-block-paragraph\">Tras aceptar la voluntad de <strong>Dios<\/strong>, vive dedicado a humildes quehaceres hasta que tiempo despu\u00e9s el emperador le reclama para ponerle al frente de su ej\u00e9rcito con el que consigue dos grandes victorias: una, militar, la otra personal: se reencuentra con toda su familia que estaba a salvo. Roma le recibe en apoteosis, pero al negarse a quemar incienso ante los dioses, <strong>San Eustaquio <\/strong>y los suyos sufren martirio y perecen. Lo que empez\u00f3 por la pr\u00e1ctica de una virtud natural conduce a un torbellino en el que habr\u00e1 que darlo todo por lo que se cree. <\/p>\n\n\n\n<p class=\"wp-block-paragraph\">Fuente: <em>La casa de los Santos. Un Santo para cada d\u00eda<\/em>. Carlos Pujol<\/p>\n","protected":false},"excerpt":{"rendered":"<p>Se le supone un general del emperador Trajano llamado Pl\u00e1cido, id\u00f3latra pero muy caritativo, que un d\u00eda que andaba de caza por los alrededores de T\u00edvoli persigui\u00f3 a un ciervo que al verse acosado se volvi\u00f3 hacia \u00e9l mostrando una cruz luminosa entre las astas (algo semejante se cuenta de San Huberto). Pl\u00e1cido se convierte [&hellip;]<\/p>\n","protected":false},"author":1,"featured_media":2836,"comment_status":"open","ping_status":"open","sticky":false,"template":"","format":"standard","meta":{"_crdt_document":"","om_disable_all_campaigns":false,"_monsterinsights_skip_tracking":false,"_monsterinsights_sitenote_active":false,"_monsterinsights_sitenote_note":"","_monsterinsights_sitenote_category":0,"_uf_show_specific_survey":0,"_uf_disable_surveys":false,"jetpack_post_was_ever_published":false,"_jetpack_newsletter_access":"","_jetpack_dont_email_post_to_subs":false,"_jetpack_newsletter_tier_id":0,"_jetpack_memberships_contains_paywalled_content":false,"_jetpack_memberships_contains_paid_content":false,"footnotes":"","jetpack_publicize_message":"","jetpack_publicize_feature_enabled":true,"jetpack_social_post_already_shared":false,"jetpack_social_options":{"image_generator_settings":{"template":"highway","default_image_id":0,"font":"","enabled":false},"version":2}},"categories":[32],"tags":[],"class_list":["post-2835","post","type-post","status-publish","format-standard","has-post-thumbnail","hentry","category-santoral"],"aioseo_notices":[],"jetpack_publicize_connections":[],"jetpack_featured_media_url":"https:\/\/i0.wp.com\/www.raulmayoral.es\/wp-content\/uploads\/2024\/09\/20-septiembre.jpg?fit=300%2C386&ssl=1","jetpack-related-posts":[],"jetpack_sharing_enabled":true,"_links":{"self":[{"href":"https:\/\/www.raulmayoral.es\/index.php\/wp-json\/wp\/v2\/posts\/2835","targetHints":{"allow":["GET"]}}],"collection":[{"href":"https:\/\/www.raulmayoral.es\/index.php\/wp-json\/wp\/v2\/posts"}],"about":[{"href":"https:\/\/www.raulmayoral.es\/index.php\/wp-json\/wp\/v2\/types\/post"}],"author":[{"embeddable":true,"href":"https:\/\/www.raulmayoral.es\/index.php\/wp-json\/wp\/v2\/users\/1"}],"replies":[{"embeddable":true,"href":"https:\/\/www.raulmayoral.es\/index.php\/wp-json\/wp\/v2\/comments?post=2835"}],"version-history":[{"count":2,"href":"https:\/\/www.raulmayoral.es\/index.php\/wp-json\/wp\/v2\/posts\/2835\/revisions"}],"predecessor-version":[{"id":2838,"href":"https:\/\/www.raulmayoral.es\/index.php\/wp-json\/wp\/v2\/posts\/2835\/revisions\/2838"}],"wp:featuredmedia":[{"embeddable":true,"href":"https:\/\/www.raulmayoral.es\/index.php\/wp-json\/wp\/v2\/media\/2836"}],"wp:attachment":[{"href":"https:\/\/www.raulmayoral.es\/index.php\/wp-json\/wp\/v2\/media?parent=2835"}],"wp:term":[{"taxonomy":"category","embeddable":true,"href":"https:\/\/www.raulmayoral.es\/index.php\/wp-json\/wp\/v2\/categories?post=2835"},{"taxonomy":"post_tag","embeddable":true,"href":"https:\/\/www.raulmayoral.es\/index.php\/wp-json\/wp\/v2\/tags?post=2835"}],"curies":[{"name":"wp","href":"https:\/\/api.w.org\/{rel}","templated":true}]}}