{"id":2862,"date":"2024-09-26T07:03:04","date_gmt":"2024-09-26T05:03:04","guid":{"rendered":"https:\/\/www.raulmayoral.es\/?p=2862"},"modified":"2024-09-26T07:04:02","modified_gmt":"2024-09-26T05:04:02","slug":"26-de-septiembre-san-cosme-y-san-damian","status":"publish","type":"post","link":"https:\/\/www.raulmayoral.es\/index.php\/2024\/09\/26\/26-de-septiembre-san-cosme-y-san-damian\/","title":{"rendered":"26 de septiembre. San Cosme y San Dami\u00e1n"},"content":{"rendered":"\n<p class=\"wp-block-paragraph\">Hermanos gemelos seg\u00fan la tradici\u00f3n, llamados \u00aban\u00e1rgiros\u00bb, es decir, sin dinero, porque sanaban enfermedades sin aceptar pago alguno por sus servicios. Su culto procede de Oriente, quiz\u00e1 de Siria, y se fija sobre todo en el hecho de curar, y por eso se les hace los santos patronos de m\u00e9dicos y boticarios. El fervor que despertaron <strong>Cosme <\/strong>y <strong>Dami\u00e1n<\/strong> primero en Jerusal\u00e9n, Bizancio y Egipto, y luego en todo el Occidente es un impresionante fen\u00f3meno de piedad que la Iglesia consagr\u00f3 introduciendo sus nombres nada menos que en el canon de la misa. <\/p>\n\n\n\n<p class=\"wp-block-paragraph\">Todav\u00eda, pues, les o\u00edmos mencionar en medio del Santo Sacrificio, sus im\u00e1genes bendicen el ajetreo de nuestras farmacias y podemos visitar centenares de templos dedicados a su memoria, como la bella iglesia primitiva de Roma, en pleno Foro, en la que conviven armoniosamente elementos del antiguo lugar pagano con el arte de la fe.<\/p>\n\n\n\n<p class=\"wp-block-paragraph\">As\u00ed, hermanos o no, m\u00e9dicos o no, m\u00e1rtires sin duda alguna, obradores de curaciones milagrosas desinteresadas, <strong>San Cosme<\/strong> y <strong>San Dami\u00e1n<\/strong> traspasan los siglos como un testimonio matizado de ambig\u00fcedades, tray\u00e9ndonos desde una lejan\u00edsima antig\u00fcedad un c\u00famulo de santos prodigios que se confunden con la leyenda, ocupando un lugar simb\u00f3lico en la piedad cristiana.<\/p>\n\n\n\n<p class=\"wp-block-paragraph\">Fuente: <em>La casa de los Santos. Un Santo para cada d\u00eda<\/em>. Carlos Pujol. <\/p>\n\n\n\n<p class=\"wp-block-paragraph\"><\/p>\n","protected":false},"excerpt":{"rendered":"<p>Hermanos gemelos seg\u00fan la tradici\u00f3n, llamados \u00aban\u00e1rgiros\u00bb, es decir, sin dinero, porque sanaban enfermedades sin aceptar pago alguno por sus servicios. Su culto procede de Oriente, quiz\u00e1 de Siria, y se fija sobre todo en el hecho de curar, y por eso se les hace los santos patronos de m\u00e9dicos y boticarios. El fervor que [&hellip;]<\/p>\n","protected":false},"author":1,"featured_media":2863,"comment_status":"open","ping_status":"open","sticky":false,"template":"","format":"standard","meta":{"_crdt_document":"","om_disable_all_campaigns":false,"_monsterinsights_skip_tracking":false,"_monsterinsights_sitenote_active":false,"_monsterinsights_sitenote_note":"","_monsterinsights_sitenote_category":0,"_uf_show_specific_survey":0,"_uf_disable_surveys":false,"jetpack_post_was_ever_published":false,"_jetpack_newsletter_access":"","_jetpack_dont_email_post_to_subs":false,"_jetpack_newsletter_tier_id":0,"_jetpack_memberships_contains_paywalled_content":false,"_jetpack_memberships_contains_paid_content":false,"footnotes":"","jetpack_publicize_message":"","jetpack_publicize_feature_enabled":true,"jetpack_social_post_already_shared":false,"jetpack_social_options":{"image_generator_settings":{"template":"highway","default_image_id":0,"font":"","enabled":false},"version":2}},"categories":[32],"tags":[],"class_list":["post-2862","post","type-post","status-publish","format-standard","has-post-thumbnail","hentry","category-santoral"],"aioseo_notices":[],"jetpack_publicize_connections":[],"jetpack_featured_media_url":"https:\/\/i0.wp.com\/www.raulmayoral.es\/wp-content\/uploads\/2024\/09\/26-septiembre.jpg?fit=680%2C357&ssl=1","jetpack-related-posts":[],"jetpack_sharing_enabled":true,"_links":{"self":[{"href":"https:\/\/www.raulmayoral.es\/index.php\/wp-json\/wp\/v2\/posts\/2862","targetHints":{"allow":["GET"]}}],"collection":[{"href":"https:\/\/www.raulmayoral.es\/index.php\/wp-json\/wp\/v2\/posts"}],"about":[{"href":"https:\/\/www.raulmayoral.es\/index.php\/wp-json\/wp\/v2\/types\/post"}],"author":[{"embeddable":true,"href":"https:\/\/www.raulmayoral.es\/index.php\/wp-json\/wp\/v2\/users\/1"}],"replies":[{"embeddable":true,"href":"https:\/\/www.raulmayoral.es\/index.php\/wp-json\/wp\/v2\/comments?post=2862"}],"version-history":[{"count":1,"href":"https:\/\/www.raulmayoral.es\/index.php\/wp-json\/wp\/v2\/posts\/2862\/revisions"}],"predecessor-version":[{"id":2864,"href":"https:\/\/www.raulmayoral.es\/index.php\/wp-json\/wp\/v2\/posts\/2862\/revisions\/2864"}],"wp:featuredmedia":[{"embeddable":true,"href":"https:\/\/www.raulmayoral.es\/index.php\/wp-json\/wp\/v2\/media\/2863"}],"wp:attachment":[{"href":"https:\/\/www.raulmayoral.es\/index.php\/wp-json\/wp\/v2\/media?parent=2862"}],"wp:term":[{"taxonomy":"category","embeddable":true,"href":"https:\/\/www.raulmayoral.es\/index.php\/wp-json\/wp\/v2\/categories?post=2862"},{"taxonomy":"post_tag","embeddable":true,"href":"https:\/\/www.raulmayoral.es\/index.php\/wp-json\/wp\/v2\/tags?post=2862"}],"curies":[{"name":"wp","href":"https:\/\/api.w.org\/{rel}","templated":true}]}}