{"id":2866,"date":"2024-09-27T13:13:48","date_gmt":"2024-09-27T11:13:48","guid":{"rendered":"https:\/\/www.raulmayoral.es\/?p=2866"},"modified":"2024-09-27T13:13:52","modified_gmt":"2024-09-27T11:13:52","slug":"27-de-septiembre-san-vicente-de-paul-1580-1660","status":"publish","type":"post","link":"https:\/\/www.raulmayoral.es\/index.php\/2024\/09\/27\/27-de-septiembre-san-vicente-de-paul-1580-1660\/","title":{"rendered":"27 de septiembre. San Vicente de Paul (1580-1660)"},"content":{"rendered":"\n<p class=\"wp-block-paragraph\">Monsieur<strong> Vincent<\/strong>, el gran santo de la caridad en la Francia de <strong>Luis XIII<\/strong>, el m\u00e1s popular y simp\u00e1tico de los hombres de su tiempo. Mientras los dem\u00e1s discuten y ri\u00f1en con jansenistas, protestantes y libertinos incr\u00e9dulos, \u00e9l tiende la mano a los necesitados, a los pobres, a los galeotes, a los m\u00e1s desamparados de Francia.<\/p>\n\n\n\n<p class=\"wp-block-paragraph\">A los ojos de hoy la caridad s\u00f3lo est\u00e1 bien vista como beneficencia, si es que \u00e9sta no se repudia en favor de la lucha de clases. Pero para <strong>San Vicente<\/strong> (por algo era cristiano) la caridad se asentaba necesariamente en la verdad, la Iglesia y la doctrina de Jesucristo, y abarcaba una doble acci\u00f3n, primero espiritual y luego material. Socorrer a los necesitados, pero evangeliz\u00e1ndolos, ser compasivo con todos pero habl\u00e1ndoles de Dios.<\/p>\n\n\n\n<p class=\"wp-block-paragraph\">Esta caridad interesada, la \u00fanica concebible para el santo, informa la c\u00e9lebre sociedad caritativa de seglares que lleva su nombre, fundada por <strong>Ozanam<\/strong> en el siglo pasado. San Vicente estar\u00e1 rodeado de gigantes de la espiritualidad, hombres brillantes e inteligent\u00edsimos, unos ortodoxos, otros her\u00e9ticos, \u00e9l ser\u00e1 siempre un campesino gasc\u00f3n, r\u00fastico y desma\u00f1ado que se consume en la tarea de asistir al pr\u00f3jimo en el alma y en el cuerpo, dando pan y vida eterna con una sonrisa inmortal por la que a\u00fan le recordamos. <\/p>\n\n\n\n<p class=\"wp-block-paragraph\">Fuente: <em>La casa de los Santos. Un Santo para cada d\u00eda. <\/em>Carlos Pujol<\/p>\n\n\n\n<p class=\"wp-block-paragraph\"><\/p>\n","protected":false},"excerpt":{"rendered":"<p>Monsieur Vincent, el gran santo de la caridad en la Francia de Luis XIII, el m\u00e1s popular y simp\u00e1tico de los hombres de su tiempo. Mientras los dem\u00e1s discuten y ri\u00f1en con jansenistas, protestantes y libertinos incr\u00e9dulos, \u00e9l tiende la mano a los necesitados, a los pobres, a los galeotes, a los m\u00e1s desamparados de [&hellip;]<\/p>\n","protected":false},"author":1,"featured_media":2867,"comment_status":"open","ping_status":"open","sticky":false,"template":"","format":"standard","meta":{"_crdt_document":"","om_disable_all_campaigns":false,"_monsterinsights_skip_tracking":false,"_monsterinsights_sitenote_active":false,"_monsterinsights_sitenote_note":"","_monsterinsights_sitenote_category":0,"_uf_show_specific_survey":0,"_uf_disable_surveys":false,"jetpack_post_was_ever_published":false,"_jetpack_newsletter_access":"","_jetpack_dont_email_post_to_subs":false,"_jetpack_newsletter_tier_id":0,"_jetpack_memberships_contains_paywalled_content":false,"_jetpack_memberships_contains_paid_content":false,"footnotes":"","jetpack_publicize_message":"","jetpack_publicize_feature_enabled":true,"jetpack_social_post_already_shared":false,"jetpack_social_options":{"image_generator_settings":{"template":"highway","default_image_id":0,"font":"","enabled":false},"version":2}},"categories":[32],"tags":[],"class_list":["post-2866","post","type-post","status-publish","format-standard","has-post-thumbnail","hentry","category-santoral"],"aioseo_notices":[],"jetpack_publicize_connections":[],"jetpack_featured_media_url":"https:\/\/i0.wp.com\/www.raulmayoral.es\/wp-content\/uploads\/2024\/09\/27-septiembre.jpg?fit=202%2C255&ssl=1","jetpack-related-posts":[],"jetpack_sharing_enabled":true,"_links":{"self":[{"href":"https:\/\/www.raulmayoral.es\/index.php\/wp-json\/wp\/v2\/posts\/2866","targetHints":{"allow":["GET"]}}],"collection":[{"href":"https:\/\/www.raulmayoral.es\/index.php\/wp-json\/wp\/v2\/posts"}],"about":[{"href":"https:\/\/www.raulmayoral.es\/index.php\/wp-json\/wp\/v2\/types\/post"}],"author":[{"embeddable":true,"href":"https:\/\/www.raulmayoral.es\/index.php\/wp-json\/wp\/v2\/users\/1"}],"replies":[{"embeddable":true,"href":"https:\/\/www.raulmayoral.es\/index.php\/wp-json\/wp\/v2\/comments?post=2866"}],"version-history":[{"count":2,"href":"https:\/\/www.raulmayoral.es\/index.php\/wp-json\/wp\/v2\/posts\/2866\/revisions"}],"predecessor-version":[{"id":2869,"href":"https:\/\/www.raulmayoral.es\/index.php\/wp-json\/wp\/v2\/posts\/2866\/revisions\/2869"}],"wp:featuredmedia":[{"embeddable":true,"href":"https:\/\/www.raulmayoral.es\/index.php\/wp-json\/wp\/v2\/media\/2867"}],"wp:attachment":[{"href":"https:\/\/www.raulmayoral.es\/index.php\/wp-json\/wp\/v2\/media?parent=2866"}],"wp:term":[{"taxonomy":"category","embeddable":true,"href":"https:\/\/www.raulmayoral.es\/index.php\/wp-json\/wp\/v2\/categories?post=2866"},{"taxonomy":"post_tag","embeddable":true,"href":"https:\/\/www.raulmayoral.es\/index.php\/wp-json\/wp\/v2\/tags?post=2866"}],"curies":[{"name":"wp","href":"https:\/\/api.w.org\/{rel}","templated":true}]}}