{"id":2870,"date":"2024-09-28T10:08:18","date_gmt":"2024-09-28T08:08:18","guid":{"rendered":"https:\/\/www.raulmayoral.es\/?p=2870"},"modified":"2024-09-28T10:08:20","modified_gmt":"2024-09-28T08:08:20","slug":"28-de-septiembre-san-wenceslao-907-929","status":"publish","type":"post","link":"https:\/\/www.raulmayoral.es\/index.php\/2024\/09\/28\/28-de-septiembre-san-wenceslao-907-929\/","title":{"rendered":"28 de septiembre. San Wenceslao (907-929)"},"content":{"rendered":"\n<p class=\"wp-block-paragraph\">En checo <strong>V\u00e1clav<\/strong>, es uno de esos santos en quien el poder se cristianiza hasta la propia desaparici\u00f3n que acepta el martirio, como si viese incompatibles las grandezas humanas y el Evangelio, y aunque sin buscarla encontrase la salida de la muerte como el golpe que corta el nudo gordiano.<\/p>\n\n\n\n<p class=\"wp-block-paragraph\">El joven duque de Bohemia hu\u00e9rfano de padre, se educa en el cristianismo gracias a su piadosa abuela <strong>Santa Ludmila<\/strong>, pero vive rodeado de las intrigas y conjuras del partido pagano que encabeza su madre, la perversa <strong>Drahomira<\/strong>, mujer como una furia infernal, cuyo favorito es el hijo menor <strong>Boleslao<\/strong>. Santa Ludmila muere asesinada, su nieto se decide a tomar el poder y durante unos a\u00f1os, desde su palacio de Praga, da ejemplos de santidad a toda Bohemia: es pac\u00edfico, caritativo, mortificado y espiritual. S\u00f3lo falta el previsible y sangriento desenlace.<\/p>\n\n\n\n<p class=\"wp-block-paragraph\">Boleslao le tendi\u00f3 una celada invit\u00e1ndole a su provincia y le hizo apu\u00f1alar en el umbral de una iglesia, dicen que pudo defenderse pero eligi\u00f3 ser v\u00edctima. <strong>San Wenceslao<\/strong> es el santo patr\u00f3n de Bohemia y de todos los soberanos inc\u00f3modos con las apariencias y las necesidades de la majestad, porque su reino no era de este mundo. <\/p>\n\n\n\n<p class=\"wp-block-paragraph\">Fuente: <em>La casa de los Santos. Un Santo para cada d\u00eda<\/em>. Carlos Pujol.<\/p>\n\n\n\n<p class=\"wp-block-paragraph\"><\/p>\n","protected":false},"excerpt":{"rendered":"<p>En checo V\u00e1clav, es uno de esos santos en quien el poder se cristianiza hasta la propia desaparici\u00f3n que acepta el martirio, como si viese incompatibles las grandezas humanas y el Evangelio, y aunque sin buscarla encontrase la salida de la muerte como el golpe que corta el nudo gordiano. El joven duque de Bohemia [&hellip;]<\/p>\n","protected":false},"author":1,"featured_media":2871,"comment_status":"open","ping_status":"open","sticky":false,"template":"","format":"standard","meta":{"_crdt_document":"","om_disable_all_campaigns":false,"_monsterinsights_skip_tracking":false,"_monsterinsights_sitenote_active":false,"_monsterinsights_sitenote_note":"","_monsterinsights_sitenote_category":0,"_uf_show_specific_survey":0,"_uf_disable_surveys":false,"jetpack_post_was_ever_published":false,"_jetpack_newsletter_access":"","_jetpack_dont_email_post_to_subs":false,"_jetpack_newsletter_tier_id":0,"_jetpack_memberships_contains_paywalled_content":false,"_jetpack_memberships_contains_paid_content":false,"footnotes":"","jetpack_publicize_message":"","jetpack_publicize_feature_enabled":true,"jetpack_social_post_already_shared":false,"jetpack_social_options":{"image_generator_settings":{"template":"highway","default_image_id":0,"font":"","enabled":false},"version":2}},"categories":[32],"tags":[],"class_list":["post-2870","post","type-post","status-publish","format-standard","has-post-thumbnail","hentry","category-santoral"],"aioseo_notices":[],"jetpack_publicize_connections":[],"jetpack_featured_media_url":"https:\/\/i0.wp.com\/www.raulmayoral.es\/wp-content\/uploads\/2024\/09\/28-de-septiembre.jpg?fit=474%2C306&ssl=1","jetpack-related-posts":[],"jetpack_sharing_enabled":true,"_links":{"self":[{"href":"https:\/\/www.raulmayoral.es\/index.php\/wp-json\/wp\/v2\/posts\/2870","targetHints":{"allow":["GET"]}}],"collection":[{"href":"https:\/\/www.raulmayoral.es\/index.php\/wp-json\/wp\/v2\/posts"}],"about":[{"href":"https:\/\/www.raulmayoral.es\/index.php\/wp-json\/wp\/v2\/types\/post"}],"author":[{"embeddable":true,"href":"https:\/\/www.raulmayoral.es\/index.php\/wp-json\/wp\/v2\/users\/1"}],"replies":[{"embeddable":true,"href":"https:\/\/www.raulmayoral.es\/index.php\/wp-json\/wp\/v2\/comments?post=2870"}],"version-history":[{"count":1,"href":"https:\/\/www.raulmayoral.es\/index.php\/wp-json\/wp\/v2\/posts\/2870\/revisions"}],"predecessor-version":[{"id":2872,"href":"https:\/\/www.raulmayoral.es\/index.php\/wp-json\/wp\/v2\/posts\/2870\/revisions\/2872"}],"wp:featuredmedia":[{"embeddable":true,"href":"https:\/\/www.raulmayoral.es\/index.php\/wp-json\/wp\/v2\/media\/2871"}],"wp:attachment":[{"href":"https:\/\/www.raulmayoral.es\/index.php\/wp-json\/wp\/v2\/media?parent=2870"}],"wp:term":[{"taxonomy":"category","embeddable":true,"href":"https:\/\/www.raulmayoral.es\/index.php\/wp-json\/wp\/v2\/categories?post=2870"},{"taxonomy":"post_tag","embeddable":true,"href":"https:\/\/www.raulmayoral.es\/index.php\/wp-json\/wp\/v2\/tags?post=2870"}],"curies":[{"name":"wp","href":"https:\/\/api.w.org\/{rel}","templated":true}]}}