{"id":2991,"date":"2024-10-28T14:17:58","date_gmt":"2024-10-28T13:17:58","guid":{"rendered":"https:\/\/www.raulmayoral.es\/?p=2991"},"modified":"2024-10-28T14:26:22","modified_gmt":"2024-10-28T13:26:22","slug":"28-de-octubre-san-judas-tadeo-siglo-i","status":"publish","type":"post","link":"https:\/\/www.raulmayoral.es\/index.php\/2024\/10\/28\/28-de-octubre-san-judas-tadeo-siglo-i\/","title":{"rendered":"28 de octubre. San Judas Tadeo (siglo I)"},"content":{"rendered":"\n<p class=\"wp-block-paragraph\">Fue uno de los Doce, tal vez el hermano de <strong>Santiago el Menor<\/strong>, citado en la lista apost\u00f3lica en pen\u00faltimo lugar, inmediatamente antes del traidor. Se supone que tras la muerte de<strong> Jes\u00fas<\/strong>, <strong>Judas Tadeo<\/strong> predic\u00f3 el cristianismo en Siria y Mesopotamia, y quiz\u00e1 muri\u00f3 en Persia con <strong>San Sim\u00f3n<\/strong>, martirizado a golpes de maza.<\/p>\n\n\n\n<p class=\"wp-block-paragraph\">Durante la antig\u00fcedad y casi toda la Edad Media fue un santo ignorado, quiz\u00e1 porque la ingrata homonimia hac\u00eda repeler funestamente su nombre, pero en el siglo XIV <strong>Santa Br\u00edgida de Suecia <\/strong>cont\u00f3 en sus revelaciones que el Salvador le hab\u00eda instado a dirigirse con confianza a <strong>San Judas<\/strong>, y desde entonces pas\u00f3 a tener una grande y dram\u00e1tica veneraci\u00f3n, especialmente, en Reims y Toulouse, y su culto lleg\u00f3 a ser muy popular en Polonia, donde abundaban los Tadeos.<\/p>\n\n\n\n<p class=\"wp-block-paragraph\"><strong>San Judas Tadeo <\/strong>es el patr\u00f3n de las causas desesperadas, el abogado de las causas que uno mismo declara perdidas, es sobre todo la \u00faltima tabla de salvaci\u00f3n para los que ya no esperan anda, m\u00e1s all\u00e1 de la esperanza a\u00fan est\u00e1 \u00e9l. \u00abEs m\u00e1s final que la desesperaci\u00f3n y s\u00f3lo sana a los que mueren. Es Judas quien tirando de un solo cabello salva y mete en el Cielo al literato, al asesino y a la prostituta.<\/p>\n\n\n\n<p class=\"wp-block-paragraph\">Fuente: <em>La casa de los Santos. Un Santo para cada d\u00eda<\/em>. Carlos Pujol.<\/p>\n","protected":false},"excerpt":{"rendered":"<p>Fue uno de los Doce, tal vez el hermano de Santiago el Menor, citado en la lista apost\u00f3lica en pen\u00faltimo lugar, inmediatamente antes del traidor. Se supone que tras la muerte de Jes\u00fas, Judas Tadeo predic\u00f3 el cristianismo en Siria y Mesopotamia, y quiz\u00e1 muri\u00f3 en Persia con San Sim\u00f3n, martirizado a golpes de maza. [&hellip;]<\/p>\n","protected":false},"author":1,"featured_media":2992,"comment_status":"open","ping_status":"open","sticky":false,"template":"","format":"standard","meta":{"_crdt_document":"","om_disable_all_campaigns":false,"_monsterinsights_skip_tracking":false,"_monsterinsights_sitenote_active":false,"_monsterinsights_sitenote_note":"","_monsterinsights_sitenote_category":0,"_uf_show_specific_survey":0,"_uf_disable_surveys":false,"jetpack_post_was_ever_published":false,"_jetpack_newsletter_access":"","_jetpack_dont_email_post_to_subs":false,"_jetpack_newsletter_tier_id":0,"_jetpack_memberships_contains_paywalled_content":false,"_jetpack_memberships_contains_paid_content":false,"footnotes":"","jetpack_publicize_message":"","jetpack_publicize_feature_enabled":true,"jetpack_social_post_already_shared":false,"jetpack_social_options":{"image_generator_settings":{"template":"highway","default_image_id":0,"font":"","enabled":false},"version":2}},"categories":[32],"tags":[],"class_list":["post-2991","post","type-post","status-publish","format-standard","has-post-thumbnail","hentry","category-santoral"],"aioseo_notices":[],"jetpack_publicize_connections":[],"jetpack_featured_media_url":"https:\/\/i0.wp.com\/www.raulmayoral.es\/wp-content\/uploads\/2024\/10\/28-octubre.jpg?fit=225%2C225&ssl=1","jetpack-related-posts":[],"jetpack_sharing_enabled":true,"_links":{"self":[{"href":"https:\/\/www.raulmayoral.es\/index.php\/wp-json\/wp\/v2\/posts\/2991","targetHints":{"allow":["GET"]}}],"collection":[{"href":"https:\/\/www.raulmayoral.es\/index.php\/wp-json\/wp\/v2\/posts"}],"about":[{"href":"https:\/\/www.raulmayoral.es\/index.php\/wp-json\/wp\/v2\/types\/post"}],"author":[{"embeddable":true,"href":"https:\/\/www.raulmayoral.es\/index.php\/wp-json\/wp\/v2\/users\/1"}],"replies":[{"embeddable":true,"href":"https:\/\/www.raulmayoral.es\/index.php\/wp-json\/wp\/v2\/comments?post=2991"}],"version-history":[{"count":2,"href":"https:\/\/www.raulmayoral.es\/index.php\/wp-json\/wp\/v2\/posts\/2991\/revisions"}],"predecessor-version":[{"id":2994,"href":"https:\/\/www.raulmayoral.es\/index.php\/wp-json\/wp\/v2\/posts\/2991\/revisions\/2994"}],"wp:featuredmedia":[{"embeddable":true,"href":"https:\/\/www.raulmayoral.es\/index.php\/wp-json\/wp\/v2\/media\/2992"}],"wp:attachment":[{"href":"https:\/\/www.raulmayoral.es\/index.php\/wp-json\/wp\/v2\/media?parent=2991"}],"wp:term":[{"taxonomy":"category","embeddable":true,"href":"https:\/\/www.raulmayoral.es\/index.php\/wp-json\/wp\/v2\/categories?post=2991"},{"taxonomy":"post_tag","embeddable":true,"href":"https:\/\/www.raulmayoral.es\/index.php\/wp-json\/wp\/v2\/tags?post=2991"}],"curies":[{"name":"wp","href":"https:\/\/api.w.org\/{rel}","templated":true}]}}