{"id":2995,"date":"2024-10-29T11:43:12","date_gmt":"2024-10-29T10:43:12","guid":{"rendered":"https:\/\/www.raulmayoral.es\/?p=2995"},"modified":"2025-10-29T08:33:50","modified_gmt":"2025-10-29T07:33:50","slug":"29-de-octubre-san-narciso-siglo-ii","status":"publish","type":"post","link":"https:\/\/www.raulmayoral.es\/index.php\/2024\/10\/29\/29-de-octubre-san-narciso-siglo-ii\/","title":{"rendered":"29 de octubre. San Narciso (siglo II)"},"content":{"rendered":"\n<p class=\"wp-block-paragraph\">En el santoral de hoy es posible elegir entre dos santos hom\u00f3nimos que fueron obispos de la misma \u00e9poca, pero de caracter\u00edsticas muy dispares. Uno fue obispo de Jerusal\u00e9n y en el a\u00f1o 195 contribuy\u00f3 a decidir que la Pascua se celebrase siempre en domingo. Parecer ser que muri\u00f3 a los ciento diecis\u00e9is a\u00f1os.<\/p>\n\n\n\n<p class=\"wp-block-paragraph\">El otro <strong>San Narciso<\/strong>, m\u00e1s popular, tiene una historia m\u00e1s enredada; quiz\u00e1 de origen centroeuropeo, durante la persecuci\u00f3n de <strong>Diocleciano<\/strong> tuvo que huir y refugiarse en la ciudad de Augsburgo. All\u00ed se aloj\u00f3 en casa de una \u00abmujer principal, pero deshonesta\u00bb, una cortesana famosa cuyo nombre era <strong>Afra<\/strong>, incluida en el santoral el 5 de agosto. Siendo id\u00f3latra, la oraci\u00f3n de <strong>Narciso<\/strong> la convirti\u00f3 junto con su madre y tres criadas suyas.<\/p>\n\n\n\n<p class=\"wp-block-paragraph\">M\u00e1s tarde, el santo en uni\u00f3n de su di\u00e1cono <strong>F\u00e9lix<\/strong>, llega a Gerona, que convierte en su centro apost\u00f3lico. A\u00f1os despu\u00e9s cuando iba a celebrar misa fue asesinado con su di\u00e1cono. Muri\u00f3 a consecuencia de tres heridas en el hombro, en la garganta y en el tobillo. En Gerona, de donde es patr\u00f3n, adem\u00e1s de serlo de Augsburgo, es conocido como el santo de las moscas, ya que se dice que en 1285 de su sepulcro salieron enjambres de t\u00e1banos que con sus picaduras mortales hicieron huir al ej\u00e9rcito franc\u00e9s invasor.<\/p>\n\n\n\n<p class=\"wp-block-paragraph\">Fuente: <em>La casa de los Santos. Un Santo para cada d\u00eda<\/em>. Carlos Pujol,<\/p>\n","protected":false},"excerpt":{"rendered":"<p>En el santoral de hoy es posible elegir entre dos santos hom\u00f3nimos que fueron obispos de la misma \u00e9poca, pero de caracter\u00edsticas muy dispares. Uno fue obispo de Jerusal\u00e9n y en el a\u00f1o 195 contribuy\u00f3 a decidir que la Pascua se celebrase siempre en domingo. Parecer ser que muri\u00f3 a los ciento diecis\u00e9is a\u00f1os. El [&hellip;]<\/p>\n","protected":false},"author":1,"featured_media":2996,"comment_status":"open","ping_status":"open","sticky":false,"template":"","format":"standard","meta":{"_crdt_document":"","om_disable_all_campaigns":false,"_monsterinsights_skip_tracking":false,"_monsterinsights_sitenote_active":false,"_monsterinsights_sitenote_note":"","_monsterinsights_sitenote_category":0,"_uf_show_specific_survey":0,"_uf_disable_surveys":false,"jetpack_post_was_ever_published":false,"_jetpack_newsletter_access":"","_jetpack_dont_email_post_to_subs":false,"_jetpack_newsletter_tier_id":0,"_jetpack_memberships_contains_paywalled_content":false,"_jetpack_memberships_contains_paid_content":false,"footnotes":"","jetpack_publicize_message":"","jetpack_publicize_feature_enabled":true,"jetpack_social_post_already_shared":false,"jetpack_social_options":{"image_generator_settings":{"template":"highway","default_image_id":0,"font":"","enabled":false},"version":2}},"categories":[32],"tags":[],"class_list":["post-2995","post","type-post","status-publish","format-standard","has-post-thumbnail","hentry","category-santoral"],"aioseo_notices":[],"jetpack_publicize_connections":[],"jetpack_featured_media_url":"https:\/\/i0.wp.com\/www.raulmayoral.es\/wp-content\/uploads\/2024\/10\/29-octubre.jpg?fit=301%2C396&ssl=1","jetpack-related-posts":[],"jetpack_sharing_enabled":true,"_links":{"self":[{"href":"https:\/\/www.raulmayoral.es\/index.php\/wp-json\/wp\/v2\/posts\/2995","targetHints":{"allow":["GET"]}}],"collection":[{"href":"https:\/\/www.raulmayoral.es\/index.php\/wp-json\/wp\/v2\/posts"}],"about":[{"href":"https:\/\/www.raulmayoral.es\/index.php\/wp-json\/wp\/v2\/types\/post"}],"author":[{"embeddable":true,"href":"https:\/\/www.raulmayoral.es\/index.php\/wp-json\/wp\/v2\/users\/1"}],"replies":[{"embeddable":true,"href":"https:\/\/www.raulmayoral.es\/index.php\/wp-json\/wp\/v2\/comments?post=2995"}],"version-history":[{"count":2,"href":"https:\/\/www.raulmayoral.es\/index.php\/wp-json\/wp\/v2\/posts\/2995\/revisions"}],"predecessor-version":[{"id":3419,"href":"https:\/\/www.raulmayoral.es\/index.php\/wp-json\/wp\/v2\/posts\/2995\/revisions\/3419"}],"wp:featuredmedia":[{"embeddable":true,"href":"https:\/\/www.raulmayoral.es\/index.php\/wp-json\/wp\/v2\/media\/2996"}],"wp:attachment":[{"href":"https:\/\/www.raulmayoral.es\/index.php\/wp-json\/wp\/v2\/media?parent=2995"}],"wp:term":[{"taxonomy":"category","embeddable":true,"href":"https:\/\/www.raulmayoral.es\/index.php\/wp-json\/wp\/v2\/categories?post=2995"},{"taxonomy":"post_tag","embeddable":true,"href":"https:\/\/www.raulmayoral.es\/index.php\/wp-json\/wp\/v2\/tags?post=2995"}],"curies":[{"name":"wp","href":"https:\/\/api.w.org\/{rel}","templated":true}]}}