{"id":3003,"date":"2024-10-31T07:20:49","date_gmt":"2024-10-31T06:20:49","guid":{"rendered":"https:\/\/www.raulmayoral.es\/?p=3003"},"modified":"2024-10-31T07:20:51","modified_gmt":"2024-10-31T06:20:51","slug":"31-de-octubre-san-wolfgango-995-994","status":"publish","type":"post","link":"https:\/\/www.raulmayoral.es\/index.php\/2024\/10\/31\/31-de-octubre-san-wolfgango-995-994\/","title":{"rendered":"31 de octubre. San Wolfgango (995-994)"},"content":{"rendered":"\n<p class=\"wp-block-paragraph\">El del extra\u00f1o nombre, significa el que anda como un lobo, pero \u00e9l se lo latiniz\u00f3 en <strong>Lup\u00e1mbulo<\/strong>. Era de noble familia suaba, en la Alemania del sur, se educ\u00f3 en la abad\u00eda de Reichenau, junto al lago de Constanza, y en el 956, ya famoso por su saber, fue nombrado director de las escuelas de la catedral de Tr\u00e9veris. En este oscuro per\u00edodo de la cultura de Occidente es una de las luminarias de Europa.<\/p>\n\n\n\n<p class=\"wp-block-paragraph\"><strong>Wolfgango<\/strong> dej\u00f3 atr\u00e1s la luz de la fama para encerrarse en un monasterio benedictino, el de Einsiedeln. M\u00e1s tarde se le encomiendan tareas misionales, primero en la Panonia, entre los feroces h\u00fangaros paganos, y luego como obispo de Ratisbona, en donde tiene que ponerse al frente de una enorme di\u00f3cesis gran parte de cuyos habitantes est\u00e1n a\u00fan por cristianizar. El recuerdo que nos deja no es ni de sabio ni de monje, sino de misionero, de organizador, de obispo que ha de mandar, predicar ante multitudes, reprimir abusos y proveer a mil necesidades de orden pr\u00e1ctico.<\/p>\n\n\n\n<p class=\"wp-block-paragraph\">Su actividad se funda en un criterio de puro sentido com\u00fan: para evangelizar a las gentes hay que asegurarse primero que est\u00e1n evangelizados los monjes, y en consecuencia la reforma mon\u00e1stica y la rigurosa sujeci\u00f3n a la regla de <strong>San Benito <\/strong>es el punto de partida de <strong>San Wolfgango<\/strong>. Cristianizar a los cristianizadores puede ser a\u00fan el primer paso para cualquier empe\u00f1o de que el mundo se parezca un poco m\u00e1s a <strong>Jesucristo<\/strong>. <\/p>\n\n\n\n<p class=\"wp-block-paragraph\">Fuente: <em>La casa de los Santos. Un Santo para cada d\u00eda.<\/em> Carlos Pujol.<\/p>\n","protected":false},"excerpt":{"rendered":"<p>El del extra\u00f1o nombre, significa el que anda como un lobo, pero \u00e9l se lo latiniz\u00f3 en Lup\u00e1mbulo. Era de noble familia suaba, en la Alemania del sur, se educ\u00f3 en la abad\u00eda de Reichenau, junto al lago de Constanza, y en el 956, ya famoso por su saber, fue nombrado director de las escuelas [&hellip;]<\/p>\n","protected":false},"author":1,"featured_media":3004,"comment_status":"open","ping_status":"open","sticky":false,"template":"","format":"standard","meta":{"_crdt_document":"","om_disable_all_campaigns":false,"_monsterinsights_skip_tracking":false,"_monsterinsights_sitenote_active":false,"_monsterinsights_sitenote_note":"","_monsterinsights_sitenote_category":0,"_uf_show_specific_survey":0,"_uf_disable_surveys":false,"jetpack_post_was_ever_published":false,"_jetpack_newsletter_access":"","_jetpack_dont_email_post_to_subs":false,"_jetpack_newsletter_tier_id":0,"_jetpack_memberships_contains_paywalled_content":false,"_jetpack_memberships_contains_paid_content":false,"footnotes":"","jetpack_publicize_message":"","jetpack_publicize_feature_enabled":true,"jetpack_social_post_already_shared":false,"jetpack_social_options":{"image_generator_settings":{"template":"highway","default_image_id":0,"font":"","enabled":false},"version":2}},"categories":[32],"tags":[],"class_list":["post-3003","post","type-post","status-publish","format-standard","has-post-thumbnail","hentry","category-santoral"],"aioseo_notices":[],"jetpack_publicize_connections":[],"jetpack_featured_media_url":"https:\/\/i0.wp.com\/www.raulmayoral.es\/wp-content\/uploads\/2024\/10\/31-octubre.jpg?fit=404%2C530&ssl=1","jetpack-related-posts":[],"jetpack_sharing_enabled":true,"_links":{"self":[{"href":"https:\/\/www.raulmayoral.es\/index.php\/wp-json\/wp\/v2\/posts\/3003","targetHints":{"allow":["GET"]}}],"collection":[{"href":"https:\/\/www.raulmayoral.es\/index.php\/wp-json\/wp\/v2\/posts"}],"about":[{"href":"https:\/\/www.raulmayoral.es\/index.php\/wp-json\/wp\/v2\/types\/post"}],"author":[{"embeddable":true,"href":"https:\/\/www.raulmayoral.es\/index.php\/wp-json\/wp\/v2\/users\/1"}],"replies":[{"embeddable":true,"href":"https:\/\/www.raulmayoral.es\/index.php\/wp-json\/wp\/v2\/comments?post=3003"}],"version-history":[{"count":2,"href":"https:\/\/www.raulmayoral.es\/index.php\/wp-json\/wp\/v2\/posts\/3003\/revisions"}],"predecessor-version":[{"id":3006,"href":"https:\/\/www.raulmayoral.es\/index.php\/wp-json\/wp\/v2\/posts\/3003\/revisions\/3006"}],"wp:featuredmedia":[{"embeddable":true,"href":"https:\/\/www.raulmayoral.es\/index.php\/wp-json\/wp\/v2\/media\/3004"}],"wp:attachment":[{"href":"https:\/\/www.raulmayoral.es\/index.php\/wp-json\/wp\/v2\/media?parent=3003"}],"wp:term":[{"taxonomy":"category","embeddable":true,"href":"https:\/\/www.raulmayoral.es\/index.php\/wp-json\/wp\/v2\/categories?post=3003"},{"taxonomy":"post_tag","embeddable":true,"href":"https:\/\/www.raulmayoral.es\/index.php\/wp-json\/wp\/v2\/tags?post=3003"}],"curies":[{"name":"wp","href":"https:\/\/api.w.org\/{rel}","templated":true}]}}