{"id":3014,"date":"2024-11-03T19:35:14","date_gmt":"2024-11-03T18:35:14","guid":{"rendered":"https:\/\/www.raulmayoral.es\/?p=3014"},"modified":"2024-11-03T19:35:16","modified_gmt":"2024-11-03T18:35:16","slug":"2-de-noviembre-fieles-difuntos","status":"publish","type":"post","link":"https:\/\/www.raulmayoral.es\/index.php\/2024\/11\/03\/2-de-noviembre-fieles-difuntos\/","title":{"rendered":"2 de noviembre. Fieles difuntos"},"content":{"rendered":"\n<p class=\"wp-block-paragraph\">Despu\u00e9s de la fiesta universal de Todos los Santos, existe en la Iglesia desde<strong> San Odil\u00f3n de Cluny <\/strong>este recuerdo particularizado para \u00ablos que no precedieron con la se\u00f1al de la fe\u00bb, como dice la liturgia, y esperan en un misterioso \u00e1mbito, m\u00e1s all\u00e1 de esta vida, su purificaci\u00f3n para entrar en el Reino de los Cielos.<\/p>\n\n\n\n<p class=\"wp-block-paragraph\">\u00bfQui\u00e9n habr\u00e1 sido completamente fiel? Fund\u00e1ndose en una creencia de la que hay testimonios en el Antiguo Testamento y que aparece en numerosos autores de los primeros siglos, como <strong>San Agust\u00edn<\/strong>, Trento defini\u00f3 el dogma del Purgatorio como lugar de expiaci\u00f3n definitiva, \u00faltimo crisol de las almas.<\/p>\n\n\n\n<p class=\"wp-block-paragraph\">Los fieles difuntos, \u00abnuestras amigas, las almas del Purgatorio\u00bb, no se evocan entre brumas oto\u00f1ales como un signo de muerte, sino de gozo por la segura, aunque retardada, conquista de la eternidad con <strong>Dios<\/strong>. La muerte no abre las puertas de la nada, sino de la plenitud de la vida, no hay otra visi\u00f3n posible desde la fe. Imaginamos un inmenso espacio de sombras, ausente de la luz que ya se conoce con certeza y y que se ans\u00eda. A tientas, con una dolorosa impaciencia de Bien, el ej\u00e9rcito de la purificaci\u00f3n es nuestro valedor, como nosotros pedimos \u00abque brille pronto para ellos la luz eterna de la Gloria\u00bb<\/p>\n\n\n\n<p class=\"wp-block-paragraph\">Fuente: <em>La casa de los Santos. Un Santo para cada d\u00eda<\/em>. Carlos Pujol.<\/p>\n","protected":false},"excerpt":{"rendered":"<p>Despu\u00e9s de la fiesta universal de Todos los Santos, existe en la Iglesia desde San Odil\u00f3n de Cluny este recuerdo particularizado para \u00ablos que no precedieron con la se\u00f1al de la fe\u00bb, como dice la liturgia, y esperan en un misterioso \u00e1mbito, m\u00e1s all\u00e1 de esta vida, su purificaci\u00f3n para entrar en el Reino de [&hellip;]<\/p>\n","protected":false},"author":1,"featured_media":3015,"comment_status":"open","ping_status":"open","sticky":false,"template":"","format":"standard","meta":{"_crdt_document":"","om_disable_all_campaigns":false,"_monsterinsights_skip_tracking":false,"_monsterinsights_sitenote_active":false,"_monsterinsights_sitenote_note":"","_monsterinsights_sitenote_category":0,"_uf_show_specific_survey":0,"_uf_disable_surveys":false,"jetpack_post_was_ever_published":false,"_jetpack_newsletter_access":"","_jetpack_dont_email_post_to_subs":false,"_jetpack_newsletter_tier_id":0,"_jetpack_memberships_contains_paywalled_content":false,"_jetpack_memberships_contains_paid_content":false,"footnotes":"","jetpack_publicize_message":"","jetpack_publicize_feature_enabled":true,"jetpack_social_post_already_shared":false,"jetpack_social_options":{"image_generator_settings":{"template":"highway","default_image_id":0,"font":"","enabled":false},"version":2}},"categories":[32],"tags":[],"class_list":["post-3014","post","type-post","status-publish","format-standard","has-post-thumbnail","hentry","category-santoral"],"aioseo_notices":[],"jetpack_publicize_connections":[],"jetpack_featured_media_url":"https:\/\/i0.wp.com\/www.raulmayoral.es\/wp-content\/uploads\/2024\/11\/2-noviembre.jpg?fit=660%2C371&ssl=1","jetpack-related-posts":[],"jetpack_sharing_enabled":true,"_links":{"self":[{"href":"https:\/\/www.raulmayoral.es\/index.php\/wp-json\/wp\/v2\/posts\/3014","targetHints":{"allow":["GET"]}}],"collection":[{"href":"https:\/\/www.raulmayoral.es\/index.php\/wp-json\/wp\/v2\/posts"}],"about":[{"href":"https:\/\/www.raulmayoral.es\/index.php\/wp-json\/wp\/v2\/types\/post"}],"author":[{"embeddable":true,"href":"https:\/\/www.raulmayoral.es\/index.php\/wp-json\/wp\/v2\/users\/1"}],"replies":[{"embeddable":true,"href":"https:\/\/www.raulmayoral.es\/index.php\/wp-json\/wp\/v2\/comments?post=3014"}],"version-history":[{"count":1,"href":"https:\/\/www.raulmayoral.es\/index.php\/wp-json\/wp\/v2\/posts\/3014\/revisions"}],"predecessor-version":[{"id":3016,"href":"https:\/\/www.raulmayoral.es\/index.php\/wp-json\/wp\/v2\/posts\/3014\/revisions\/3016"}],"wp:featuredmedia":[{"embeddable":true,"href":"https:\/\/www.raulmayoral.es\/index.php\/wp-json\/wp\/v2\/media\/3015"}],"wp:attachment":[{"href":"https:\/\/www.raulmayoral.es\/index.php\/wp-json\/wp\/v2\/media?parent=3014"}],"wp:term":[{"taxonomy":"category","embeddable":true,"href":"https:\/\/www.raulmayoral.es\/index.php\/wp-json\/wp\/v2\/categories?post=3014"},{"taxonomy":"post_tag","embeddable":true,"href":"https:\/\/www.raulmayoral.es\/index.php\/wp-json\/wp\/v2\/tags?post=3014"}],"curies":[{"name":"wp","href":"https:\/\/api.w.org\/{rel}","templated":true}]}}