{"id":3017,"date":"2024-11-03T21:26:52","date_gmt":"2024-11-03T20:26:52","guid":{"rendered":"https:\/\/www.raulmayoral.es\/?p=3017"},"modified":"2024-11-03T21:27:16","modified_gmt":"2024-11-03T20:27:16","slug":"3-de-noviembre-san-martin-de-porres-1579-1639","status":"publish","type":"post","link":"https:\/\/www.raulmayoral.es\/index.php\/2024\/11\/03\/3-de-noviembre-san-martin-de-porres-1579-1639\/","title":{"rendered":"3 de noviembre. San Mart\u00edn de Porres (1579-1639)"},"content":{"rendered":"\n<p class=\"wp-block-paragraph\">En la Lima de <strong>Santa Rosa<\/strong> naci\u00f3 tambi\u00e9n <strong>Mart\u00edn<\/strong>, hijo natural de un caballero espa\u00f1ol, don <strong>Juan de Porres<\/strong>, y de una esclava mulata llamada <strong>Ana Vel\u00e1zquez<\/strong>. \u00c9l y su hermana <strong>Juana<\/strong> acabaron siendo reconocidos por el padre.<\/p>\n\n\n\n<p class=\"wp-block-paragraph\"><strong>Mart\u00edn <\/strong>era barbero y hacia el a\u00f1o 1600 ingres\u00f3 como donado en el convento dominico de Rosario. Lleg\u00f3 a ser popular\u00edsimo en la ciudad por su solicitud con los enfermos, atribuy\u00e9ndoles muchas curaciones milagrosas, as\u00ed como por su humildad y su piedad. Adem\u00e1s, demostr\u00f3 un clar\u00edsimo criterio que le hac\u00eda muy apto para conciliar matrimonios desavenidos, resolver pleitos, aconsejar al virrey o al obispo en materias delicadas, y, en resumen, buscar soluciones para intrincados conflictos del tipo m\u00e1s diverso.<\/p>\n\n\n\n<p class=\"wp-block-paragraph\">Pero <strong>San Mart\u00edn<\/strong> ten\u00eda una peculiar\u00edsima especialidad que le hacia extender sus afanes caritativos a los animales, que merec\u00edan su atenci\u00f3n incorpor\u00e1ndolos a un universo en el que el mandato del amor no conoc\u00eda l\u00edmites. Dialogaba persuasivamente con ellos, sanando a los seres m\u00e1s in\u00fatiles o da\u00f1inos de la creaci\u00f3n, como permiti\u00e9ndose la delicadeza de no desechar ni uno solo de los cabos que parecen sueltos y m\u00e1s desde\u00f1ables de la obra de Dios.<\/p>\n\n\n\n<p class=\"wp-block-paragraph\">Fuente: <em>La casa de los Santos. Un Santo para cada d\u00eda.<\/em> Carlos Pujol. <\/p>\n","protected":false},"excerpt":{"rendered":"<p>En la Lima de Santa Rosa naci\u00f3 tambi\u00e9n Mart\u00edn, hijo natural de un caballero espa\u00f1ol, don Juan de Porres, y de una esclava mulata llamada Ana Vel\u00e1zquez. \u00c9l y su hermana Juana acabaron siendo reconocidos por el padre. Mart\u00edn era barbero y hacia el a\u00f1o 1600 ingres\u00f3 como donado en el convento dominico de Rosario. [&hellip;]<\/p>\n","protected":false},"author":1,"featured_media":3018,"comment_status":"open","ping_status":"open","sticky":false,"template":"","format":"standard","meta":{"_crdt_document":"","om_disable_all_campaigns":false,"_monsterinsights_skip_tracking":false,"_monsterinsights_sitenote_active":false,"_monsterinsights_sitenote_note":"","_monsterinsights_sitenote_category":0,"_uf_show_specific_survey":0,"_uf_disable_surveys":false,"jetpack_post_was_ever_published":false,"_jetpack_newsletter_access":"","_jetpack_dont_email_post_to_subs":false,"_jetpack_newsletter_tier_id":0,"_jetpack_memberships_contains_paywalled_content":false,"_jetpack_memberships_contains_paid_content":false,"footnotes":"","jetpack_publicize_message":"","jetpack_publicize_feature_enabled":true,"jetpack_social_post_already_shared":false,"jetpack_social_options":{"image_generator_settings":{"template":"highway","default_image_id":0,"font":"","enabled":false},"version":2}},"categories":[32],"tags":[],"class_list":["post-3017","post","type-post","status-publish","format-standard","has-post-thumbnail","hentry","category-santoral"],"aioseo_notices":[],"jetpack_publicize_connections":[],"jetpack_featured_media_url":"https:\/\/i0.wp.com\/www.raulmayoral.es\/wp-content\/uploads\/2024\/11\/3-noviembre.jpg?fit=199%2C253&ssl=1","jetpack-related-posts":[],"jetpack_sharing_enabled":true,"_links":{"self":[{"href":"https:\/\/www.raulmayoral.es\/index.php\/wp-json\/wp\/v2\/posts\/3017","targetHints":{"allow":["GET"]}}],"collection":[{"href":"https:\/\/www.raulmayoral.es\/index.php\/wp-json\/wp\/v2\/posts"}],"about":[{"href":"https:\/\/www.raulmayoral.es\/index.php\/wp-json\/wp\/v2\/types\/post"}],"author":[{"embeddable":true,"href":"https:\/\/www.raulmayoral.es\/index.php\/wp-json\/wp\/v2\/users\/1"}],"replies":[{"embeddable":true,"href":"https:\/\/www.raulmayoral.es\/index.php\/wp-json\/wp\/v2\/comments?post=3017"}],"version-history":[{"count":1,"href":"https:\/\/www.raulmayoral.es\/index.php\/wp-json\/wp\/v2\/posts\/3017\/revisions"}],"predecessor-version":[{"id":3019,"href":"https:\/\/www.raulmayoral.es\/index.php\/wp-json\/wp\/v2\/posts\/3017\/revisions\/3019"}],"wp:featuredmedia":[{"embeddable":true,"href":"https:\/\/www.raulmayoral.es\/index.php\/wp-json\/wp\/v2\/media\/3018"}],"wp:attachment":[{"href":"https:\/\/www.raulmayoral.es\/index.php\/wp-json\/wp\/v2\/media?parent=3017"}],"wp:term":[{"taxonomy":"category","embeddable":true,"href":"https:\/\/www.raulmayoral.es\/index.php\/wp-json\/wp\/v2\/categories?post=3017"},{"taxonomy":"post_tag","embeddable":true,"href":"https:\/\/www.raulmayoral.es\/index.php\/wp-json\/wp\/v2\/tags?post=3017"}],"curies":[{"name":"wp","href":"https:\/\/api.w.org\/{rel}","templated":true}]}}