{"id":3031,"date":"2024-11-05T13:00:29","date_gmt":"2024-11-05T12:00:29","guid":{"rendered":"https:\/\/www.raulmayoral.es\/?p=3031"},"modified":"2024-11-05T13:00:30","modified_gmt":"2024-11-05T12:00:30","slug":"5-de-noviembre-san-zacarias-y-santa-isabel-siglo-i-2","status":"publish","type":"post","link":"https:\/\/www.raulmayoral.es\/index.php\/2024\/11\/05\/5-de-noviembre-san-zacarias-y-santa-isabel-siglo-i-2\/","title":{"rendered":"5 de noviembre. San Zacar\u00edas y Santa Isabel (siglo I)."},"content":{"rendered":"\n<p class=\"wp-block-paragraph\">Son los padres de<strong> Juan el Bautista<\/strong>, \u00e9l, sacerdote del templo de Jerusal\u00e9n, ella, prima de la Virgen <strong>Mar\u00eda<\/strong>. \u00abEran ambos justos en la presencia de <strong>Dios<\/strong>\u00ab, nos dice <strong>San Lucas <\/strong>de este matrimonio sin hijos y en edad avanzada. Mientras <strong>Zacar\u00edas<\/strong> ejerce sus funciones sacerdotales, se le aparece un \u00e1ngel y le dice: \u00abTu plegaria ha sido escuchada; <strong>Isabel<\/strong>, tu mujer, te dar\u00e1 a luz un hijo al que pondr\u00e1s por nombre <strong>Juan<\/strong>\u00ab.<\/p>\n\n\n\n<p class=\"wp-block-paragraph\">Aun siendo var\u00f3n tan piadoso, Zacar\u00edas parece opinar que algunos milagros son excesivos, imposibles, por m\u00e1s que lo diga el arc\u00e1ngel <strong>Gabriel<\/strong>. Podr\u00eda aceptar un milagro mayor, pero que su propia mujer ya anciana concibiera un hijo&#8230; Como castigo quedar\u00e1 mudo hasta que nazca ese v\u00e1stago tard\u00edo. Recuperar\u00e1 el uso de la palabra y entonar\u00e1 un canto prof\u00e9tico. Luego no s\u00f3lo habla, sino que canta, no s\u00f3lo canta, sino que profetiza, sobreabundancia de los dones de Dios por fin aceptados. E <strong>Isabel<\/strong>, cuando estando encinta es visitada por la Virgen, prorrumpe tambi\u00e9n en una jubilosa exclamaci\u00f3n que repetimos en el Avemar\u00eda: \u00ab\u00a1Bendita t\u00fa entre las mujeres y bendito el fruto de tu vientre!; dichosa la que ha cre\u00eddo que se cumplir\u00e1 lo que se le ha dicho de parte del Se\u00f1or\u00bb.<\/p>\n\n\n\n<p class=\"wp-block-paragraph\">Poco m\u00e1s sabemos de los padres de Juan, que encarna la fe dubitativa y el clamor maravillado que exalta esta virtud. Dicen que a Zacar\u00edas lo hizo matar <strong>Herodes<\/strong> al saber que su hijo hab\u00eda escapado a la matanza de los Inocentes. Su atributo es un incensario y es patr\u00f3n de Venecia, donde la iglesia de San Zaccaria se levanta cerca de la Riva degli Schiavoni.<\/p>\n\n\n\n<p class=\"wp-block-paragraph\">Fuente: <em>La casa de los Santos. Un Santo para cada d\u00eda.<\/em> Carlos Pujol.<\/p>\n","protected":false},"excerpt":{"rendered":"<p>Son los padres de Juan el Bautista, \u00e9l, sacerdote del templo de Jerusal\u00e9n, ella, prima de la Virgen Mar\u00eda. \u00abEran ambos justos en la presencia de Dios\u00ab, nos dice San Lucas de este matrimonio sin hijos y en edad avanzada. Mientras Zacar\u00edas ejerce sus funciones sacerdotales, se le aparece un \u00e1ngel y le dice: \u00abTu [&hellip;]<\/p>\n","protected":false},"author":1,"featured_media":3033,"comment_status":"open","ping_status":"open","sticky":false,"template":"","format":"standard","meta":{"_crdt_document":"","om_disable_all_campaigns":false,"_monsterinsights_skip_tracking":false,"_monsterinsights_sitenote_active":false,"_monsterinsights_sitenote_note":"","_monsterinsights_sitenote_category":0,"_uf_show_specific_survey":0,"_uf_disable_surveys":false,"jetpack_post_was_ever_published":false,"_jetpack_newsletter_access":"","_jetpack_dont_email_post_to_subs":false,"_jetpack_newsletter_tier_id":0,"_jetpack_memberships_contains_paywalled_content":false,"_jetpack_memberships_contains_paid_content":false,"footnotes":"","jetpack_publicize_message":"","jetpack_publicize_feature_enabled":true,"jetpack_social_post_already_shared":false,"jetpack_social_options":{"image_generator_settings":{"template":"highway","default_image_id":0,"font":"","enabled":false},"version":2}},"categories":[32],"tags":[],"class_list":["post-3031","post","type-post","status-publish","format-standard","has-post-thumbnail","hentry","category-santoral"],"aioseo_notices":[],"jetpack_publicize_connections":[],"jetpack_featured_media_url":"https:\/\/i0.wp.com\/www.raulmayoral.es\/wp-content\/uploads\/2024\/11\/5-noviembre-1.jpg?fit=206%2C244&ssl=1","jetpack-related-posts":[],"jetpack_sharing_enabled":true,"_links":{"self":[{"href":"https:\/\/www.raulmayoral.es\/index.php\/wp-json\/wp\/v2\/posts\/3031","targetHints":{"allow":["GET"]}}],"collection":[{"href":"https:\/\/www.raulmayoral.es\/index.php\/wp-json\/wp\/v2\/posts"}],"about":[{"href":"https:\/\/www.raulmayoral.es\/index.php\/wp-json\/wp\/v2\/types\/post"}],"author":[{"embeddable":true,"href":"https:\/\/www.raulmayoral.es\/index.php\/wp-json\/wp\/v2\/users\/1"}],"replies":[{"embeddable":true,"href":"https:\/\/www.raulmayoral.es\/index.php\/wp-json\/wp\/v2\/comments?post=3031"}],"version-history":[{"count":1,"href":"https:\/\/www.raulmayoral.es\/index.php\/wp-json\/wp\/v2\/posts\/3031\/revisions"}],"predecessor-version":[{"id":3034,"href":"https:\/\/www.raulmayoral.es\/index.php\/wp-json\/wp\/v2\/posts\/3031\/revisions\/3034"}],"wp:featuredmedia":[{"embeddable":true,"href":"https:\/\/www.raulmayoral.es\/index.php\/wp-json\/wp\/v2\/media\/3033"}],"wp:attachment":[{"href":"https:\/\/www.raulmayoral.es\/index.php\/wp-json\/wp\/v2\/media?parent=3031"}],"wp:term":[{"taxonomy":"category","embeddable":true,"href":"https:\/\/www.raulmayoral.es\/index.php\/wp-json\/wp\/v2\/categories?post=3031"},{"taxonomy":"post_tag","embeddable":true,"href":"https:\/\/www.raulmayoral.es\/index.php\/wp-json\/wp\/v2\/tags?post=3031"}],"curies":[{"name":"wp","href":"https:\/\/api.w.org\/{rel}","templated":true}]}}