{"id":3035,"date":"2024-11-06T11:29:20","date_gmt":"2024-11-06T10:29:20","guid":{"rendered":"https:\/\/www.raulmayoral.es\/?p=3035"},"modified":"2024-11-06T11:29:22","modified_gmt":"2024-11-06T10:29:22","slug":"6-de-noviembre-san-severo-de-barcelona-304","status":"publish","type":"post","link":"https:\/\/www.raulmayoral.es\/index.php\/2024\/11\/06\/6-de-noviembre-san-severo-de-barcelona-304\/","title":{"rendered":"6 de noviembre. San Severo de Barcelona (&#8230;-304)"},"content":{"rendered":"\n<p class=\"wp-block-paragraph\">Era ya sacerdote cuando hacia el a\u00f1o 300 se le consagr\u00f3 obispo de Barcelona. De hecho, todos los barceloneses conocen la iglesia de <strong>San Severo<\/strong>, peque\u00f1a joya barroca y uno de los escas\u00edsimos templos de la ciudad que se salvaron de las destrucciones de las  hordas marxistas en 1936. Est\u00e1 en la calle del mismo nombre, donde seg\u00fan la tradici\u00f3n viv\u00eda el santo, y el padre <strong>Villanueva<\/strong> afirma en su <em>Viaje literario<\/em> haber visto en esta iglesia una piedra con la inscripci\u00f3n: \u00abEsta es la casa de San Severo, obispo y m\u00e1rtir\u00bb.<\/p>\n\n\n\n<p class=\"wp-block-paragraph\">A comienzos del siglo IV estalla la tormenta de la persecuci\u00f3n de <strong>Diocleciano<\/strong>, y el prefecto <strong>Daciano<\/strong> llega a la ciudad para extirpar el cristianismo. <strong>Severo<\/strong> y dos de sus di\u00e1conos van a refugiarse al otro lado de las monta\u00f1as, en el Castro Octaviano (hoy San Cugat), y en su huida les presta ayuda un labrador, <strong>San Med\u00edn<\/strong>. Hoy una ermita se alza en ese lugar, al que acuden en tradicional romer\u00eda los barceloneses para recordar el milagro de unas habas milagrosamente crecidas para desorientar a los perseguidores.<\/p>\n\n\n\n<p class=\"wp-block-paragraph\">En San Cugat el obispo se entrega a los soldados, que para intimidarle decapitan a San Med\u00edn y a los di\u00e1conos; luego le tientan ofreci\u00e9ndoles riquezas y honores a cambio de renegar de su fe, al verle inconmovible le hunden a mazazos un gran clavo en la cabeza (por ello, es invocado ante jaquecas y neuralgias). <strong>San Pedro Nolasco<\/strong>, el <strong>Mart\u00edn el Humano<\/strong>, a quien su intercesi\u00f3n cur\u00f3 una piedra gangrenada, y <strong>Fernando el Cat\u00f3lico<\/strong> fueron devotos de este Santo humilde, puro, sabio, prudente y magn\u00e1nimo, un verdadero pastor de almas. <\/p>\n\n\n\n<p class=\"wp-block-paragraph\">Fuente: <em>La casa de los Santos. Un Santo para cada d\u00eda<\/em>. Carlos Pujol.<\/p>\n","protected":false},"excerpt":{"rendered":"<p>Era ya sacerdote cuando hacia el a\u00f1o 300 se le consagr\u00f3 obispo de Barcelona. De hecho, todos los barceloneses conocen la iglesia de San Severo, peque\u00f1a joya barroca y uno de los escas\u00edsimos templos de la ciudad que se salvaron de las destrucciones de las hordas marxistas en 1936. Est\u00e1 en la calle del mismo [&hellip;]<\/p>\n","protected":false},"author":1,"featured_media":3036,"comment_status":"open","ping_status":"open","sticky":false,"template":"","format":"standard","meta":{"_crdt_document":"","om_disable_all_campaigns":false,"_monsterinsights_skip_tracking":false,"_monsterinsights_sitenote_active":false,"_monsterinsights_sitenote_note":"","_monsterinsights_sitenote_category":0,"_uf_show_specific_survey":0,"_uf_disable_surveys":false,"jetpack_post_was_ever_published":false,"_jetpack_newsletter_access":"","_jetpack_dont_email_post_to_subs":false,"_jetpack_newsletter_tier_id":0,"_jetpack_memberships_contains_paywalled_content":false,"_jetpack_memberships_contains_paid_content":false,"footnotes":"","jetpack_publicize_message":"","jetpack_publicize_feature_enabled":true,"jetpack_social_post_already_shared":false,"jetpack_social_options":{"image_generator_settings":{"template":"highway","default_image_id":0,"font":"","enabled":false},"version":2}},"categories":[32],"tags":[],"class_list":["post-3035","post","type-post","status-publish","format-standard","has-post-thumbnail","hentry","category-santoral"],"aioseo_notices":[],"jetpack_publicize_connections":[],"jetpack_featured_media_url":"https:\/\/i0.wp.com\/www.raulmayoral.es\/wp-content\/uploads\/2024\/11\/6-noviembre.jpg?fit=346%2C145&ssl=1","jetpack-related-posts":[],"jetpack_sharing_enabled":true,"_links":{"self":[{"href":"https:\/\/www.raulmayoral.es\/index.php\/wp-json\/wp\/v2\/posts\/3035","targetHints":{"allow":["GET"]}}],"collection":[{"href":"https:\/\/www.raulmayoral.es\/index.php\/wp-json\/wp\/v2\/posts"}],"about":[{"href":"https:\/\/www.raulmayoral.es\/index.php\/wp-json\/wp\/v2\/types\/post"}],"author":[{"embeddable":true,"href":"https:\/\/www.raulmayoral.es\/index.php\/wp-json\/wp\/v2\/users\/1"}],"replies":[{"embeddable":true,"href":"https:\/\/www.raulmayoral.es\/index.php\/wp-json\/wp\/v2\/comments?post=3035"}],"version-history":[{"count":2,"href":"https:\/\/www.raulmayoral.es\/index.php\/wp-json\/wp\/v2\/posts\/3035\/revisions"}],"predecessor-version":[{"id":3038,"href":"https:\/\/www.raulmayoral.es\/index.php\/wp-json\/wp\/v2\/posts\/3035\/revisions\/3038"}],"wp:featuredmedia":[{"embeddable":true,"href":"https:\/\/www.raulmayoral.es\/index.php\/wp-json\/wp\/v2\/media\/3036"}],"wp:attachment":[{"href":"https:\/\/www.raulmayoral.es\/index.php\/wp-json\/wp\/v2\/media?parent=3035"}],"wp:term":[{"taxonomy":"category","embeddable":true,"href":"https:\/\/www.raulmayoral.es\/index.php\/wp-json\/wp\/v2\/categories?post=3035"},{"taxonomy":"post_tag","embeddable":true,"href":"https:\/\/www.raulmayoral.es\/index.php\/wp-json\/wp\/v2\/tags?post=3035"}],"curies":[{"name":"wp","href":"https:\/\/api.w.org\/{rel}","templated":true}]}}