{"id":3039,"date":"2024-11-07T11:14:42","date_gmt":"2024-11-07T10:14:42","guid":{"rendered":"https:\/\/www.raulmayoral.es\/?p=3039"},"modified":"2024-11-07T11:14:45","modified_gmt":"2024-11-07T10:14:45","slug":"7-de-noviembre-san-wilibrordo-658-739","status":"publish","type":"post","link":"https:\/\/www.raulmayoral.es\/index.php\/2024\/11\/07\/7-de-noviembre-san-wilibrordo-658-739\/","title":{"rendered":"7 de noviembre. San Wilibrordo (658-739)"},"content":{"rendered":"\n<p class=\"wp-block-paragraph\">Anglosaj\u00f3n de la Nortumbria, <strong>Wilibrordo<\/strong> era hijo de un noble, se form\u00f3 en el monasterio de Ripon con <strong>San Wilfrido<\/strong>, y de \u00e9ste aprendi\u00f3 los dos ideales que fueron el norte de su vida: la fidelidad a Roma y las ansias misioneras, el ancla y el vuelo, la ra\u00edz y las alas.<\/p>\n\n\n\n<p class=\"wp-block-paragraph\">Pas\u00f3 a Irlanda y all\u00ed le encontramos en Rathmelsigi, donde es ordenado sacerdote en el 688. Dos a\u00f1os despu\u00e9s, con doce monjes m\u00e1s, ir\u00e1 a evangelizar aquella Europa b\u00e1rbara e id\u00f3latra por la que se sent\u00eda llamado. Frisia ya hab\u00eda o\u00eddo la voz de <strong>Wilfrido<\/strong>, pero ser\u00e1 Wilibrordo el gran ap\u00f3stol de estas tierras. El Papa <strong>Sergio I <\/strong>le consagra arzobispo con sede en Utrecht, y hac\u00eda el a\u00f1o 700 establece un segundo centro misional en el monasterio de Echternach, en Luxemburgo.<\/p>\n\n\n\n<p class=\"wp-block-paragraph\">La evangelizaci\u00f3n se apoya, como suele ocurrir, en situaciones pol\u00edticas m\u00e1s o menos inestables, y cuando los frisones se alzan contra los francos Wilibrordo y los suyos deben replegarse por un tiempo. Vuelven a su labor, exploran Dinamarca y otros reinos vecinos, y antes de morir ve asegurada la continuidad con el joven <strong>San Bonifacio<\/strong>, otro anglosaj\u00f3n que evangelizar\u00e1 la Germania. El camino que se\u00f1al\u00f3 Wilfrido lo anduvo <strong>San Wilibrordo <\/strong>hasta que otro misionero de las islas, San Bonifacio, ampl\u00eda el horizonte sabiendo que otros tambi\u00e9n le suceder\u00e1n. As\u00ed se anuncia el Reino de <strong>Cristo<\/strong>.<\/p>\n\n\n\n<p class=\"wp-block-paragraph\">Fuente: <em>La casa de los Santos. Un Santo para cada d\u00eda<\/em>. Carlos Pujol<\/p>\n","protected":false},"excerpt":{"rendered":"<p>Anglosaj\u00f3n de la Nortumbria, Wilibrordo era hijo de un noble, se form\u00f3 en el monasterio de Ripon con San Wilfrido, y de \u00e9ste aprendi\u00f3 los dos ideales que fueron el norte de su vida: la fidelidad a Roma y las ansias misioneras, el ancla y el vuelo, la ra\u00edz y las alas. Pas\u00f3 a Irlanda [&hellip;]<\/p>\n","protected":false},"author":1,"featured_media":3040,"comment_status":"open","ping_status":"open","sticky":false,"template":"","format":"standard","meta":{"_crdt_document":"","om_disable_all_campaigns":false,"_monsterinsights_skip_tracking":false,"_monsterinsights_sitenote_active":false,"_monsterinsights_sitenote_note":"","_monsterinsights_sitenote_category":0,"_uf_show_specific_survey":0,"_uf_disable_surveys":false,"jetpack_post_was_ever_published":false,"_jetpack_newsletter_access":"","_jetpack_dont_email_post_to_subs":false,"_jetpack_newsletter_tier_id":0,"_jetpack_memberships_contains_paywalled_content":false,"_jetpack_memberships_contains_paid_content":false,"footnotes":"","jetpack_publicize_message":"","jetpack_publicize_feature_enabled":true,"jetpack_social_post_already_shared":false,"jetpack_social_options":{"image_generator_settings":{"template":"highway","default_image_id":0,"font":"","enabled":false},"version":2}},"categories":[32],"tags":[],"class_list":["post-3039","post","type-post","status-publish","format-standard","has-post-thumbnail","hentry","category-santoral"],"aioseo_notices":[],"jetpack_publicize_connections":[],"jetpack_featured_media_url":"https:\/\/i0.wp.com\/www.raulmayoral.es\/wp-content\/uploads\/2024\/11\/7-noviembre.jpg?fit=304%2C165&ssl=1","jetpack-related-posts":[],"jetpack_sharing_enabled":true,"_links":{"self":[{"href":"https:\/\/www.raulmayoral.es\/index.php\/wp-json\/wp\/v2\/posts\/3039","targetHints":{"allow":["GET"]}}],"collection":[{"href":"https:\/\/www.raulmayoral.es\/index.php\/wp-json\/wp\/v2\/posts"}],"about":[{"href":"https:\/\/www.raulmayoral.es\/index.php\/wp-json\/wp\/v2\/types\/post"}],"author":[{"embeddable":true,"href":"https:\/\/www.raulmayoral.es\/index.php\/wp-json\/wp\/v2\/users\/1"}],"replies":[{"embeddable":true,"href":"https:\/\/www.raulmayoral.es\/index.php\/wp-json\/wp\/v2\/comments?post=3039"}],"version-history":[{"count":1,"href":"https:\/\/www.raulmayoral.es\/index.php\/wp-json\/wp\/v2\/posts\/3039\/revisions"}],"predecessor-version":[{"id":3041,"href":"https:\/\/www.raulmayoral.es\/index.php\/wp-json\/wp\/v2\/posts\/3039\/revisions\/3041"}],"wp:featuredmedia":[{"embeddable":true,"href":"https:\/\/www.raulmayoral.es\/index.php\/wp-json\/wp\/v2\/media\/3040"}],"wp:attachment":[{"href":"https:\/\/www.raulmayoral.es\/index.php\/wp-json\/wp\/v2\/media?parent=3039"}],"wp:term":[{"taxonomy":"category","embeddable":true,"href":"https:\/\/www.raulmayoral.es\/index.php\/wp-json\/wp\/v2\/categories?post=3039"},{"taxonomy":"post_tag","embeddable":true,"href":"https:\/\/www.raulmayoral.es\/index.php\/wp-json\/wp\/v2\/tags?post=3039"}],"curies":[{"name":"wp","href":"https:\/\/api.w.org\/{rel}","templated":true}]}}