{"id":3046,"date":"2024-11-08T13:36:19","date_gmt":"2024-11-08T12:36:19","guid":{"rendered":"https:\/\/www.raulmayoral.es\/?p=3046"},"modified":"2024-11-08T13:36:23","modified_gmt":"2024-11-08T12:36:23","slug":"8-de-noviembre-los-cuatro-santos-coronados-306","status":"publish","type":"post","link":"https:\/\/www.raulmayoral.es\/index.php\/2024\/11\/08\/8-de-noviembre-los-cuatro-santos-coronados-306\/","title":{"rendered":"8 de noviembre. Los cuatro Santos coronados. (306)"},"content":{"rendered":"\n<p class=\"wp-block-paragraph\">Es posible que fueran m\u00e1s, porque en la identificaci\u00f3n de estos m\u00e1rtires se mezclan noticias muy confusas. Tal vez sean dos grupos diferentes, cinco canteros de la Panonia inferior, tierra de los Balcanes, y cuatro suboficiales romanos, <em>cornicularii<\/em>, que llevaban una insignia de metal llamada <em>corniculum<\/em>, lo que explica el nombre de coronados. Sea como fuere, ya en el siglo IV se levant\u00f3 en Roma, muy cerca del Coliseo, una iglesia en su honor que fue destruida por los normandos, pero rehecha y restaurada en varias ocasiones. All\u00ed se conservan unas reliquias veneradas desde antiguo. <\/p>\n\n\n\n<p class=\"wp-block-paragraph\">Los cinco canteros se llamaban <strong>Claudio<\/strong>, <strong>Nicostrato<\/strong>, <strong>Sinforiano<\/strong>, <strong>Castorio<\/strong> y <strong>Simplicio<\/strong>, y al negarse a esculpir un \u00eddolo fueron metidos en cajas de plomo selladas que se arrojaron a un r\u00edo. M\u00e1s incierta parece ser la historia de cuatro hermanos (<strong>Severo<\/strong>, <strong>Severiano<\/strong>, <strong>Carp\u00f3foro<\/strong> y <strong>Victorino<\/strong>), todos <em>cornicularii<\/em>, a quienes se exigi\u00f3 que quemaran incienso ante una estatua del dios <strong>Escapulario<\/strong> en las termas de <strong>Trajano<\/strong>. Se les supone muertos a consecuencia de b\u00e1rbaros azotes.<\/p>\n\n\n\n<p class=\"wp-block-paragraph\">Los cuatro (o cinco) canteros, que durante la Edad Media fueron patronos de las cofrad\u00edas de canteros y alba\u00f1iles, nos parecen m\u00e1rtires de una concepci\u00f3n muy alta en su oficio, ya que murieron por no creer que el artes es neutral y que lo purifica todo. Por encima del arte, y del deber militar en el caso de los <em>cornicularii<\/em> estos Santos afirmaban una responsabilidad mayor de la que nada ni nadie pod\u00eda eximirles, y \u00e9sta es la raz\u00f3n de su corona de gloria que hoy celebra el calendario.<\/p>\n\n\n\n<p class=\"wp-block-paragraph\">Fuente: <em>La casa de los Santos. Un Santo para cada d\u00eda.<\/em> Carlos Pujol.<\/p>\n","protected":false},"excerpt":{"rendered":"<p>Es posible que fueran m\u00e1s, porque en la identificaci\u00f3n de estos m\u00e1rtires se mezclan noticias muy confusas. Tal vez sean dos grupos diferentes, cinco canteros de la Panonia inferior, tierra de los Balcanes, y cuatro suboficiales romanos, cornicularii, que llevaban una insignia de metal llamada corniculum, lo que explica el nombre de coronados. Sea como [&hellip;]<\/p>\n","protected":false},"author":1,"featured_media":3047,"comment_status":"open","ping_status":"open","sticky":false,"template":"","format":"standard","meta":{"_crdt_document":"","om_disable_all_campaigns":false,"_monsterinsights_skip_tracking":false,"_monsterinsights_sitenote_active":false,"_monsterinsights_sitenote_note":"","_monsterinsights_sitenote_category":0,"_uf_show_specific_survey":0,"_uf_disable_surveys":false,"jetpack_post_was_ever_published":false,"_jetpack_newsletter_access":"","_jetpack_dont_email_post_to_subs":false,"_jetpack_newsletter_tier_id":0,"_jetpack_memberships_contains_paywalled_content":false,"_jetpack_memberships_contains_paid_content":false,"footnotes":"","jetpack_publicize_message":"","jetpack_publicize_feature_enabled":true,"jetpack_social_post_already_shared":false,"jetpack_social_options":{"image_generator_settings":{"template":"highway","default_image_id":0,"font":"","enabled":false},"version":2}},"categories":[32],"tags":[],"class_list":["post-3046","post","type-post","status-publish","format-standard","has-post-thumbnail","hentry","category-santoral"],"aioseo_notices":[],"jetpack_publicize_connections":[],"jetpack_featured_media_url":"https:\/\/i0.wp.com\/www.raulmayoral.es\/wp-content\/uploads\/2024\/11\/8-noviembre.jpg?fit=770%2C480&ssl=1","jetpack-related-posts":[],"jetpack_sharing_enabled":true,"_links":{"self":[{"href":"https:\/\/www.raulmayoral.es\/index.php\/wp-json\/wp\/v2\/posts\/3046","targetHints":{"allow":["GET"]}}],"collection":[{"href":"https:\/\/www.raulmayoral.es\/index.php\/wp-json\/wp\/v2\/posts"}],"about":[{"href":"https:\/\/www.raulmayoral.es\/index.php\/wp-json\/wp\/v2\/types\/post"}],"author":[{"embeddable":true,"href":"https:\/\/www.raulmayoral.es\/index.php\/wp-json\/wp\/v2\/users\/1"}],"replies":[{"embeddable":true,"href":"https:\/\/www.raulmayoral.es\/index.php\/wp-json\/wp\/v2\/comments?post=3046"}],"version-history":[{"count":1,"href":"https:\/\/www.raulmayoral.es\/index.php\/wp-json\/wp\/v2\/posts\/3046\/revisions"}],"predecessor-version":[{"id":3048,"href":"https:\/\/www.raulmayoral.es\/index.php\/wp-json\/wp\/v2\/posts\/3046\/revisions\/3048"}],"wp:featuredmedia":[{"embeddable":true,"href":"https:\/\/www.raulmayoral.es\/index.php\/wp-json\/wp\/v2\/media\/3047"}],"wp:attachment":[{"href":"https:\/\/www.raulmayoral.es\/index.php\/wp-json\/wp\/v2\/media?parent=3046"}],"wp:term":[{"taxonomy":"category","embeddable":true,"href":"https:\/\/www.raulmayoral.es\/index.php\/wp-json\/wp\/v2\/categories?post=3046"},{"taxonomy":"post_tag","embeddable":true,"href":"https:\/\/www.raulmayoral.es\/index.php\/wp-json\/wp\/v2\/tags?post=3046"}],"curies":[{"name":"wp","href":"https:\/\/api.w.org\/{rel}","templated":true}]}}