{"id":3049,"date":"2024-11-09T10:25:21","date_gmt":"2024-11-09T09:25:21","guid":{"rendered":"https:\/\/www.raulmayoral.es\/?p=3049"},"modified":"2024-11-09T10:25:39","modified_gmt":"2024-11-09T09:25:39","slug":"9-de-noviembre-dedicacion-de-la-basilica-de-letran-324","status":"publish","type":"post","link":"https:\/\/www.raulmayoral.es\/index.php\/2024\/11\/09\/9-de-noviembre-dedicacion-de-la-basilica-de-letran-324\/","title":{"rendered":"9 de noviembre. Dedicaci\u00f3n de la bas\u00edlica de Letr\u00e1n (324)"},"content":{"rendered":"\n<p class=\"wp-block-paragraph\">Muy cerca de la iglesia romana de los Cuatro Coronados que evoc\u00e1bamos ayer, est\u00e1 la gran bas\u00edlica de Letr\u00e1n, catedral de Roma, \u00abmadre y cabeza de todas las iglesias de la urbe y del orbe\u00bb, seg\u00fan se lee en su fachada, y que forma parte de un conjunto en el que los papas tuvieron su residencia hasta el per\u00edodo de Avi\u00f1\u00f3n. All\u00ed hubo en la antig\u00fcedad uno de los palacios m\u00e1s suntuosos del monte Celio, el de la familia de los <strong>Lateranos<\/strong>, a quienes fue confiscado debido a conspirar contra <strong>Ner\u00f3n<\/strong>; a comienzos del siglo IV pertenec\u00eda a la esposa del emperador <strong>Constantino<\/strong>, <strong>Fausta<\/strong>, quien en el a\u00f1o 313 prest\u00f3 el lugar al Papa <strong>San Milc\u00edades<\/strong> para que reuniese all\u00ed un concilio.<\/p>\n\n\n\n<p class=\"wp-block-paragraph\">El 9 de noviembre del 324 fue la primera iglesia consagrada en toda la Cristiandad, y se le dio el nombre del <strong>Salvador<\/strong>, aunque m\u00e1s tarde se le a\u00f1adiera los de <strong>San Juan Bautista<\/strong> y <strong>San Juan Evangelista<\/strong>. En su historia hay de todo: destrucci\u00f3n por los b\u00e1rbaros en el siglo V y el terremoto del 896, cinco concilios ecum\u00e9nicos y el recuerdo de la presencia de <strong>San Francisco<\/strong> en 1210 para que <strong>Inocencio III<\/strong> aprobase su regla, el incendio de 1308 y la firma de los acuerdos entre <strong>P\u00edo XI<\/strong> y <strong>Mussolini <\/strong>en 1929. <\/p>\n\n\n\n<p class=\"wp-block-paragraph\">Entre los santos de carne y hueso, Letr\u00e1n, santo de piedra, s\u00edmbolo de la Iglesia, invisible esposa de <strong>Cristo<\/strong>, contiene y resume todo lo que \u00e9sta ha sido y es: persecuciones y desastres, dogma y santidad, arte y pol\u00edtica, mezcla a menudo un tanto confusa y extra\u00f1a, como debida a afanes humanos que, bajo la gu\u00eda del Esp\u00edritu Santo, buscan a tientas el camino de <strong>Dios<\/strong>. <\/p>\n\n\n\n<p class=\"wp-block-paragraph\">Fuente: <em>La casa de los Santos. Un Santo para cada d\u00eda<\/em>. Carlos Pujol.<\/p>\n","protected":false},"excerpt":{"rendered":"<p>Muy cerca de la iglesia romana de los Cuatro Coronados que evoc\u00e1bamos ayer, est\u00e1 la gran bas\u00edlica de Letr\u00e1n, catedral de Roma, \u00abmadre y cabeza de todas las iglesias de la urbe y del orbe\u00bb, seg\u00fan se lee en su fachada, y que forma parte de un conjunto en el que los papas tuvieron su [&hellip;]<\/p>\n","protected":false},"author":1,"featured_media":3050,"comment_status":"open","ping_status":"open","sticky":false,"template":"","format":"standard","meta":{"_crdt_document":"","om_disable_all_campaigns":false,"_monsterinsights_skip_tracking":false,"_monsterinsights_sitenote_active":false,"_monsterinsights_sitenote_note":"","_monsterinsights_sitenote_category":0,"_uf_show_specific_survey":0,"_uf_disable_surveys":false,"jetpack_post_was_ever_published":false,"_jetpack_newsletter_access":"","_jetpack_dont_email_post_to_subs":false,"_jetpack_newsletter_tier_id":0,"_jetpack_memberships_contains_paywalled_content":false,"_jetpack_memberships_contains_paid_content":false,"footnotes":"","jetpack_publicize_message":"","jetpack_publicize_feature_enabled":true,"jetpack_social_post_already_shared":false,"jetpack_social_options":{"image_generator_settings":{"template":"highway","default_image_id":0,"font":"","enabled":false},"version":2}},"categories":[32],"tags":[],"class_list":["post-3049","post","type-post","status-publish","format-standard","has-post-thumbnail","hentry","category-santoral"],"aioseo_notices":[],"jetpack_publicize_connections":[],"jetpack_featured_media_url":"https:\/\/i0.wp.com\/www.raulmayoral.es\/wp-content\/uploads\/2024\/11\/9-noviembre.jpg?fit=907%2C768&ssl=1","jetpack-related-posts":[],"jetpack_sharing_enabled":true,"_links":{"self":[{"href":"https:\/\/www.raulmayoral.es\/index.php\/wp-json\/wp\/v2\/posts\/3049","targetHints":{"allow":["GET"]}}],"collection":[{"href":"https:\/\/www.raulmayoral.es\/index.php\/wp-json\/wp\/v2\/posts"}],"about":[{"href":"https:\/\/www.raulmayoral.es\/index.php\/wp-json\/wp\/v2\/types\/post"}],"author":[{"embeddable":true,"href":"https:\/\/www.raulmayoral.es\/index.php\/wp-json\/wp\/v2\/users\/1"}],"replies":[{"embeddable":true,"href":"https:\/\/www.raulmayoral.es\/index.php\/wp-json\/wp\/v2\/comments?post=3049"}],"version-history":[{"count":2,"href":"https:\/\/www.raulmayoral.es\/index.php\/wp-json\/wp\/v2\/posts\/3049\/revisions"}],"predecessor-version":[{"id":3052,"href":"https:\/\/www.raulmayoral.es\/index.php\/wp-json\/wp\/v2\/posts\/3049\/revisions\/3052"}],"wp:featuredmedia":[{"embeddable":true,"href":"https:\/\/www.raulmayoral.es\/index.php\/wp-json\/wp\/v2\/media\/3050"}],"wp:attachment":[{"href":"https:\/\/www.raulmayoral.es\/index.php\/wp-json\/wp\/v2\/media?parent=3049"}],"wp:term":[{"taxonomy":"category","embeddable":true,"href":"https:\/\/www.raulmayoral.es\/index.php\/wp-json\/wp\/v2\/categories?post=3049"},{"taxonomy":"post_tag","embeddable":true,"href":"https:\/\/www.raulmayoral.es\/index.php\/wp-json\/wp\/v2\/tags?post=3049"}],"curies":[{"name":"wp","href":"https:\/\/api.w.org\/{rel}","templated":true}]}}