{"id":3053,"date":"2024-11-10T19:13:13","date_gmt":"2024-11-10T18:13:13","guid":{"rendered":"https:\/\/www.raulmayoral.es\/?p=3053"},"modified":"2024-11-10T19:26:12","modified_gmt":"2024-11-10T18:26:12","slug":"10-de-noviembre-san-leon-i-magno-461","status":"publish","type":"post","link":"https:\/\/www.raulmayoral.es\/index.php\/2024\/11\/10\/10-de-noviembre-san-leon-i-magno-461\/","title":{"rendered":"10 de noviembre. San Le\u00f3n I Magno (&#8230;-461)"},"content":{"rendered":"\n<p class=\"wp-block-paragraph\">Conocido por el Magno, <strong>Le\u00f3n I<\/strong> maravill\u00f3 al mundo consiguiendo lo imposible con s\u00f3lo su presencia. Italiano, quiz\u00e1 natural de Volterra, ya como simple cl\u00e9rigo se le consideraba como uno de los personajes m\u00e1s influyente de la corte pontificia y el mejor de sus diplom\u00e1ticos, tan h\u00e1bil como virtuoso, y desde el 440, como Papa, fue la piedra que resisti\u00f3 los embates m\u00e1s duros de su siglo. <\/p>\n\n\n\n<p class=\"wp-block-paragraph\">En primer lugar contra la fe; los maniqueos en Italia, el arrianismo en \u00c1frica, los priscilianos en Espa\u00f1a, los monofisitas en Oriente, la ortodoxia se ve\u00eda amenazada por todas partes y \u00e9l acud\u00eda a todas las brechas haci\u00e9ndose catequista, comentando la Escritura, dando en\u00e9rgicas normas, convocando un concilio en Calcedonia para impedir el cisma. <\/p>\n\n\n\n<p class=\"wp-block-paragraph\">Pero tambi\u00e9n peligraba la misma vida de los romanos, la propia Ciudad Eterna hacia la cual se dirig\u00eda <strong>Atila <\/strong>con sus hordas; <strong>San Le\u00f3n<\/strong>, montado en una mula blanca y con un modesto s\u00e9quito, sali\u00f3 al encuentro del caudillo de los hunos y no se sabe c\u00f3mo le convenci\u00f3 para que respetase Roma. A\u00f1os despu\u00e9s intentar\u00e1 otro tanto con los v\u00e1ndalos de <strong>Genserico<\/strong>, que saquean la ciudad durante catorce d\u00edas sin causar ning\u00fan da\u00f1o a sus habitantes. \u00bfQu\u00e9 debi\u00f3 de decirles? Quiz\u00e1 no medi\u00f3 ni una palabra, la historia tiene episodios inexplicables a lo que ha de acompa\u00f1ar el silencio.<\/p>\n\n\n\n<p class=\"wp-block-paragraph\">Fuente: <em>La casa de los Santos. Un Santo para cada d\u00eda.<\/em> Carlos Pujol.<\/p>\n","protected":false},"excerpt":{"rendered":"<p>Conocido por el Magno, Le\u00f3n I maravill\u00f3 al mundo consiguiendo lo imposible con s\u00f3lo su presencia. Italiano, quiz\u00e1 natural de Volterra, ya como simple cl\u00e9rigo se le consideraba como uno de los personajes m\u00e1s influyente de la corte pontificia y el mejor de sus diplom\u00e1ticos, tan h\u00e1bil como virtuoso, y desde el 440, como Papa, [&hellip;]<\/p>\n","protected":false},"author":1,"featured_media":3054,"comment_status":"open","ping_status":"open","sticky":false,"template":"","format":"standard","meta":{"_crdt_document":"","om_disable_all_campaigns":false,"_monsterinsights_skip_tracking":false,"_monsterinsights_sitenote_active":false,"_monsterinsights_sitenote_note":"","_monsterinsights_sitenote_category":0,"_uf_show_specific_survey":0,"_uf_disable_surveys":false,"jetpack_post_was_ever_published":false,"_jetpack_newsletter_access":"","_jetpack_dont_email_post_to_subs":false,"_jetpack_newsletter_tier_id":0,"_jetpack_memberships_contains_paywalled_content":false,"_jetpack_memberships_contains_paid_content":false,"footnotes":"","jetpack_publicize_message":"","jetpack_publicize_feature_enabled":true,"jetpack_social_post_already_shared":false,"jetpack_social_options":{"image_generator_settings":{"template":"highway","default_image_id":0,"font":"","enabled":false},"version":2}},"categories":[32],"tags":[],"class_list":["post-3053","post","type-post","status-publish","format-standard","has-post-thumbnail","hentry","category-santoral"],"aioseo_notices":[],"jetpack_publicize_connections":[],"jetpack_featured_media_url":"https:\/\/i0.wp.com\/www.raulmayoral.es\/wp-content\/uploads\/2024\/11\/10-noviembre.jpg?fit=660%2C371&ssl=1","jetpack-related-posts":[],"jetpack_sharing_enabled":true,"_links":{"self":[{"href":"https:\/\/www.raulmayoral.es\/index.php\/wp-json\/wp\/v2\/posts\/3053","targetHints":{"allow":["GET"]}}],"collection":[{"href":"https:\/\/www.raulmayoral.es\/index.php\/wp-json\/wp\/v2\/posts"}],"about":[{"href":"https:\/\/www.raulmayoral.es\/index.php\/wp-json\/wp\/v2\/types\/post"}],"author":[{"embeddable":true,"href":"https:\/\/www.raulmayoral.es\/index.php\/wp-json\/wp\/v2\/users\/1"}],"replies":[{"embeddable":true,"href":"https:\/\/www.raulmayoral.es\/index.php\/wp-json\/wp\/v2\/comments?post=3053"}],"version-history":[{"count":3,"href":"https:\/\/www.raulmayoral.es\/index.php\/wp-json\/wp\/v2\/posts\/3053\/revisions"}],"predecessor-version":[{"id":3057,"href":"https:\/\/www.raulmayoral.es\/index.php\/wp-json\/wp\/v2\/posts\/3053\/revisions\/3057"}],"wp:featuredmedia":[{"embeddable":true,"href":"https:\/\/www.raulmayoral.es\/index.php\/wp-json\/wp\/v2\/media\/3054"}],"wp:attachment":[{"href":"https:\/\/www.raulmayoral.es\/index.php\/wp-json\/wp\/v2\/media?parent=3053"}],"wp:term":[{"taxonomy":"category","embeddable":true,"href":"https:\/\/www.raulmayoral.es\/index.php\/wp-json\/wp\/v2\/categories?post=3053"},{"taxonomy":"post_tag","embeddable":true,"href":"https:\/\/www.raulmayoral.es\/index.php\/wp-json\/wp\/v2\/tags?post=3053"}],"curies":[{"name":"wp","href":"https:\/\/api.w.org\/{rel}","templated":true}]}}