{"id":3096,"date":"2024-11-18T09:05:22","date_gmt":"2024-11-18T08:05:22","guid":{"rendered":"https:\/\/www.raulmayoral.es\/?p=3096"},"modified":"2024-11-18T09:05:23","modified_gmt":"2024-11-18T08:05:23","slug":"18-de-noviembre-san-odon-de-cluny-879-942","status":"publish","type":"post","link":"https:\/\/www.raulmayoral.es\/index.php\/2024\/11\/18\/18-de-noviembre-san-odon-de-cluny-879-942\/","title":{"rendered":"18 de noviembre. San Od\u00f3n de Cluny (879-942)"},"content":{"rendered":"\n<p class=\"wp-block-paragraph\">Hijo de un noble turen\u00e9s, debi\u00f3 de nacer en Tours y muy pronto se acogi\u00f3 a la bas\u00edlica de San Mart\u00edn, en su ciudad natal. En el 909 se hizo monje de un apartado monasterio borgo\u00f1\u00f3n, Baume-les-Mes-sieurs y en el 927 fue elegido abad de Cluny, bajo cuyo gobierno se convirti\u00f3 en el gran foco espiritual y cultural de Europa. <\/p>\n\n\n\n<p class=\"wp-block-paragraph\"><strong>Od\u00f3n<\/strong> comenz\u00f3 su labor depurando la vida de los propios monjes: clausura m\u00e1s estricta, m\u00e1s horas de rezo, austeridad, silencio. Hizo de Cluny un lugar para la entrega exigente a Dios, a quien se honraba tambi\u00e9n con los esplendores lit\u00fargicos. Pero un abad de estos tiempos no pod\u00eda ser s\u00f3lo contemplativo, y tuvo que viajar mucho, visitando y reformando comunidades, poniendo paz entre querellas de monjes y haciendo de Cluny la cabeza de una vasta federaci\u00f3n de monasterios. Tambi\u00e9n los papas reclamaban su presencia, estuvo en Roma, fue consejero de <strong>Le\u00f3n VII <\/strong>y <strong>Esteban IX<\/strong>.<\/p>\n\n\n\n<p class=\"wp-block-paragraph\">Montado en su asnillo y cantando salmos, <strong>San Od\u00f3n de Cluny<\/strong> recorr\u00eda Europa imponiendo la serena visi\u00f3n de un hombre que resolv\u00eda los problemas mundanos y las cuestiones humanamente m\u00e1s intrincadas aplicando el criterio de la prioridad absoluta del Esp\u00edritu Santo, absorto en \u00e9xtasis como quien sobrevuela con la ligereza del alma los menudos accidentes de su camino.<\/p>\n\n\n\n<p class=\"wp-block-paragraph\">Fuente: <em>La casa de los Santos. Un Santo para cada d\u00eda<\/em>. Carlos Pujol. <\/p>\n","protected":false},"excerpt":{"rendered":"<p>Hijo de un noble turen\u00e9s, debi\u00f3 de nacer en Tours y muy pronto se acogi\u00f3 a la bas\u00edlica de San Mart\u00edn, en su ciudad natal. En el 909 se hizo monje de un apartado monasterio borgo\u00f1\u00f3n, Baume-les-Mes-sieurs y en el 927 fue elegido abad de Cluny, bajo cuyo gobierno se convirti\u00f3 en el gran foco [&hellip;]<\/p>\n","protected":false},"author":1,"featured_media":3097,"comment_status":"open","ping_status":"open","sticky":false,"template":"","format":"standard","meta":{"_crdt_document":"","om_disable_all_campaigns":false,"_monsterinsights_skip_tracking":false,"_monsterinsights_sitenote_active":false,"_monsterinsights_sitenote_note":"","_monsterinsights_sitenote_category":0,"_uf_show_specific_survey":0,"_uf_disable_surveys":false,"jetpack_post_was_ever_published":false,"_jetpack_newsletter_access":"","_jetpack_dont_email_post_to_subs":false,"_jetpack_newsletter_tier_id":0,"_jetpack_memberships_contains_paywalled_content":false,"_jetpack_memberships_contains_paid_content":false,"footnotes":"","jetpack_publicize_message":"","jetpack_publicize_feature_enabled":true,"jetpack_social_post_already_shared":false,"jetpack_social_options":{"image_generator_settings":{"template":"highway","enabled":false}}},"categories":[32],"tags":[],"class_list":["post-3096","post","type-post","status-publish","format-standard","has-post-thumbnail","hentry","category-santoral"],"aioseo_notices":[],"jetpack_publicize_connections":[],"jetpack_featured_media_url":"https:\/\/i0.wp.com\/www.raulmayoral.es\/wp-content\/uploads\/2024\/11\/18-noviembre.jpg?fit=252%2C320&ssl=1","jetpack-related-posts":[],"jetpack_sharing_enabled":true,"_links":{"self":[{"href":"https:\/\/www.raulmayoral.es\/index.php\/wp-json\/wp\/v2\/posts\/3096","targetHints":{"allow":["GET"]}}],"collection":[{"href":"https:\/\/www.raulmayoral.es\/index.php\/wp-json\/wp\/v2\/posts"}],"about":[{"href":"https:\/\/www.raulmayoral.es\/index.php\/wp-json\/wp\/v2\/types\/post"}],"author":[{"embeddable":true,"href":"https:\/\/www.raulmayoral.es\/index.php\/wp-json\/wp\/v2\/users\/1"}],"replies":[{"embeddable":true,"href":"https:\/\/www.raulmayoral.es\/index.php\/wp-json\/wp\/v2\/comments?post=3096"}],"version-history":[{"count":1,"href":"https:\/\/www.raulmayoral.es\/index.php\/wp-json\/wp\/v2\/posts\/3096\/revisions"}],"predecessor-version":[{"id":3098,"href":"https:\/\/www.raulmayoral.es\/index.php\/wp-json\/wp\/v2\/posts\/3096\/revisions\/3098"}],"wp:featuredmedia":[{"embeddable":true,"href":"https:\/\/www.raulmayoral.es\/index.php\/wp-json\/wp\/v2\/media\/3097"}],"wp:attachment":[{"href":"https:\/\/www.raulmayoral.es\/index.php\/wp-json\/wp\/v2\/media?parent=3096"}],"wp:term":[{"taxonomy":"category","embeddable":true,"href":"https:\/\/www.raulmayoral.es\/index.php\/wp-json\/wp\/v2\/categories?post=3096"},{"taxonomy":"post_tag","embeddable":true,"href":"https:\/\/www.raulmayoral.es\/index.php\/wp-json\/wp\/v2\/tags?post=3096"}],"curies":[{"name":"wp","href":"https:\/\/api.w.org\/{rel}","templated":true}]}}