{"id":3099,"date":"2024-11-19T07:17:24","date_gmt":"2024-11-19T06:17:24","guid":{"rendered":"https:\/\/www.raulmayoral.es\/?p=3099"},"modified":"2024-11-19T07:17:25","modified_gmt":"2024-11-19T06:17:25","slug":"19-de-noviembre-san-barlaan-304","status":"publish","type":"post","link":"https:\/\/www.raulmayoral.es\/index.php\/2024\/11\/19\/19-de-noviembre-san-barlaan-304\/","title":{"rendered":"19 de noviembre. San Barla\u00e1n (&#8230;-304)"},"content":{"rendered":"\n<p class=\"wp-block-paragraph\">El santo de hoy es una figura bastante borrosa y descolorida por el paso de los siglos. Incluso, su nombre, <strong>Barla\u00e1n<\/strong>, se confunde con el de un hom\u00f3nimo puramente legendario que se empareja con <strong>San Josafat<\/strong>. Pero el <strong>San Barla\u00e1n<\/strong> de hoy es aut\u00e9ntico y real, de \u00e9l hablan elogiosamente <strong>San Basilio <\/strong>y <strong>San Juan de Cris\u00f3stomo<\/strong>, pero es muy poco lo que se sabe.<\/p>\n\n\n\n<p class=\"wp-block-paragraph\">Era labrador que trabajaba los campos cerca de Ces\u00e1rea de Capadocia, en las proximidades de la actual ciudad turca de Kayseri, y a comienzos del siglo IV debi\u00f3 de ser un cristiano m\u00e1s de las numerosas comunidades de Asia menor, desaparecidas hace ya mucho tiempo, casi sin dejar m\u00e1s rastro que ruinas y estos testimonios de la fe.<\/p>\n\n\n\n<p class=\"wp-block-paragraph\">Durante la persecuci\u00f3n de <strong>Diocleciano<\/strong> fue conminado por las autoridades a que renunciara a sus creencias y diera culto a los dioses, y cuando se neg\u00f3 quisieron obligarle poni\u00e9ndole incienso en la mano derecha, de tal modo que bastar\u00eda abrirla para el gesto idol\u00e1trico. Hay que encomendarse a \u00e9l cuando los \u00eddolos contempor\u00e1neos exigen su incienso.<\/p>\n\n\n\n<p class=\"wp-block-paragraph\">Fuente: <em>La casa de los Santos. Un Santo para cada d\u00eda<\/em>. Carlos Pujol. <\/p>\n","protected":false},"excerpt":{"rendered":"<p>El santo de hoy es una figura bastante borrosa y descolorida por el paso de los siglos. Incluso, su nombre, Barla\u00e1n, se confunde con el de un hom\u00f3nimo puramente legendario que se empareja con San Josafat. Pero el San Barla\u00e1n de hoy es aut\u00e9ntico y real, de \u00e9l hablan elogiosamente San Basilio y San Juan [&hellip;]<\/p>\n","protected":false},"author":1,"featured_media":3100,"comment_status":"open","ping_status":"open","sticky":false,"template":"","format":"standard","meta":{"_crdt_document":"","om_disable_all_campaigns":false,"_monsterinsights_skip_tracking":false,"_monsterinsights_sitenote_active":false,"_monsterinsights_sitenote_note":"","_monsterinsights_sitenote_category":0,"_uf_show_specific_survey":0,"_uf_disable_surveys":false,"jetpack_post_was_ever_published":false,"_jetpack_newsletter_access":"","_jetpack_dont_email_post_to_subs":false,"_jetpack_newsletter_tier_id":0,"_jetpack_memberships_contains_paywalled_content":false,"_jetpack_memberships_contains_paid_content":false,"footnotes":"","jetpack_publicize_message":"","jetpack_publicize_feature_enabled":true,"jetpack_social_post_already_shared":false,"jetpack_social_options":{"image_generator_settings":{"template":"highway","enabled":false}}},"categories":[32],"tags":[],"class_list":["post-3099","post","type-post","status-publish","format-standard","has-post-thumbnail","hentry","category-santoral"],"aioseo_notices":[],"jetpack_publicize_connections":[],"jetpack_featured_media_url":"https:\/\/i0.wp.com\/www.raulmayoral.es\/wp-content\/uploads\/2024\/11\/19-noviembre.jpg?fit=445%2C600&ssl=1","jetpack-related-posts":[],"jetpack_sharing_enabled":true,"_links":{"self":[{"href":"https:\/\/www.raulmayoral.es\/index.php\/wp-json\/wp\/v2\/posts\/3099","targetHints":{"allow":["GET"]}}],"collection":[{"href":"https:\/\/www.raulmayoral.es\/index.php\/wp-json\/wp\/v2\/posts"}],"about":[{"href":"https:\/\/www.raulmayoral.es\/index.php\/wp-json\/wp\/v2\/types\/post"}],"author":[{"embeddable":true,"href":"https:\/\/www.raulmayoral.es\/index.php\/wp-json\/wp\/v2\/users\/1"}],"replies":[{"embeddable":true,"href":"https:\/\/www.raulmayoral.es\/index.php\/wp-json\/wp\/v2\/comments?post=3099"}],"version-history":[{"count":1,"href":"https:\/\/www.raulmayoral.es\/index.php\/wp-json\/wp\/v2\/posts\/3099\/revisions"}],"predecessor-version":[{"id":3101,"href":"https:\/\/www.raulmayoral.es\/index.php\/wp-json\/wp\/v2\/posts\/3099\/revisions\/3101"}],"wp:featuredmedia":[{"embeddable":true,"href":"https:\/\/www.raulmayoral.es\/index.php\/wp-json\/wp\/v2\/media\/3100"}],"wp:attachment":[{"href":"https:\/\/www.raulmayoral.es\/index.php\/wp-json\/wp\/v2\/media?parent=3099"}],"wp:term":[{"taxonomy":"category","embeddable":true,"href":"https:\/\/www.raulmayoral.es\/index.php\/wp-json\/wp\/v2\/categories?post=3099"},{"taxonomy":"post_tag","embeddable":true,"href":"https:\/\/www.raulmayoral.es\/index.php\/wp-json\/wp\/v2\/tags?post=3099"}],"curies":[{"name":"wp","href":"https:\/\/api.w.org\/{rel}","templated":true}]}}