{"id":3109,"date":"2024-11-21T09:13:01","date_gmt":"2024-11-21T08:13:01","guid":{"rendered":"https:\/\/www.raulmayoral.es\/?p=3109"},"modified":"2025-11-21T10:21:47","modified_gmt":"2025-11-21T09:21:47","slug":"21-de-noviembre-san-gelasio-496","status":"publish","type":"post","link":"https:\/\/www.raulmayoral.es\/index.php\/2024\/11\/21\/21-de-noviembre-san-gelasio-496\/","title":{"rendered":"21 de noviembre. San Gelasio (&#8230;-496)"},"content":{"rendered":"\n<p class=\"wp-block-paragraph\">Elegido papa en el 492, <strong>Gelasio I<\/strong> tuvo un pontificado de cuatro a\u00f1os y medio, distingui\u00e9ndose por su energ\u00eda y una actitud muy firme hacia los herejes: combati\u00f3 implacablemente a pelagianos, nestorianos y monofisitas, e hizo quemar los libros de los maniqueos. Tambi\u00e9n realiz\u00f3 reformas lit\u00fargicas, pero parece que no es obra suya el <em>Decreto gelasiano <\/em>que contiene una lista de los libros del canon b\u00edblico. <\/p>\n\n\n\n<p class=\"wp-block-paragraph\">Intervino en el conflicto que le enfrent\u00f3 a un obispo cism\u00e1tico de Constantinopla, afirmando en todo momento la primac\u00eda de la sede romana y formul\u00f3 con claridad, quiz\u00e1 por primera vez, la supeditaci\u00f3n que en \u00faltimo t\u00e9rmino debe el poder temporal al espiritual. Fue un Papa que no perd\u00eda el tiempo y que en menos de un lustro dej\u00f3 huella en todas las cuestiones relativas a la fe y a la disciplina. Un aura de inflexibilidad lo rodea.<\/p>\n\n\n\n<p class=\"wp-block-paragraph\">La idea m\u00e1s com\u00fan que se tiene acerca de ser santo se relaciona con blandas efusiones te\u00f1idas de sentimentalismo, pero la santidad radica muchas veces en ser duro. <strong>San Gelasio <\/strong>fue inflexible defendiendo el dep\u00f3sito de la fe y la Iglesia de Roma, no retrocedi\u00f3 ni una pulgada. Pero tambi\u00e9n ha pasado a la historia como el \u00abpadre de los pobres\u00bb porque para \u00e9l la caridad significaba tanto ser de hierro custodiando la herencia de Dios como ser de cera y miel atendiendo a las necesidades de sus hermanos.<\/p>\n\n\n\n<p class=\"wp-block-paragraph\">Fuente: <em>La casa de los Santos. Un Santo para cada d\u00eda<\/em>. Carlos Pujol.<\/p>\n","protected":false},"excerpt":{"rendered":"<p>Elegido papa en el 492, Gelasio I tuvo un pontificado de cuatro a\u00f1os y medio, distingui\u00e9ndose por su energ\u00eda y una actitud muy firme hacia los herejes: combati\u00f3 implacablemente a pelagianos, nestorianos y monofisitas, e hizo quemar los libros de los maniqueos. Tambi\u00e9n realiz\u00f3 reformas lit\u00fargicas, pero parece que no es obra suya el Decreto [&hellip;]<\/p>\n","protected":false},"author":1,"featured_media":3110,"comment_status":"open","ping_status":"open","sticky":false,"template":"","format":"standard","meta":{"_crdt_document":"","om_disable_all_campaigns":false,"_monsterinsights_skip_tracking":false,"_monsterinsights_sitenote_active":false,"_monsterinsights_sitenote_note":"","_monsterinsights_sitenote_category":0,"_uf_show_specific_survey":0,"_uf_disable_surveys":false,"jetpack_post_was_ever_published":false,"_jetpack_newsletter_access":"","_jetpack_dont_email_post_to_subs":false,"_jetpack_newsletter_tier_id":0,"_jetpack_memberships_contains_paywalled_content":false,"_jetpack_memberships_contains_paid_content":false,"footnotes":"","jetpack_publicize_message":"","jetpack_publicize_feature_enabled":true,"jetpack_social_post_already_shared":false,"jetpack_social_options":{"image_generator_settings":{"template":"highway","enabled":false}}},"categories":[32],"tags":[],"class_list":["post-3109","post","type-post","status-publish","format-standard","has-post-thumbnail","hentry","category-santoral"],"aioseo_notices":[],"jetpack_publicize_connections":[],"jetpack_featured_media_url":"https:\/\/i0.wp.com\/www.raulmayoral.es\/wp-content\/uploads\/2024\/11\/21-noviembre.jpg?fit=250%2C208&ssl=1","jetpack-related-posts":[],"jetpack_sharing_enabled":true,"_links":{"self":[{"href":"https:\/\/www.raulmayoral.es\/index.php\/wp-json\/wp\/v2\/posts\/3109","targetHints":{"allow":["GET"]}}],"collection":[{"href":"https:\/\/www.raulmayoral.es\/index.php\/wp-json\/wp\/v2\/posts"}],"about":[{"href":"https:\/\/www.raulmayoral.es\/index.php\/wp-json\/wp\/v2\/types\/post"}],"author":[{"embeddable":true,"href":"https:\/\/www.raulmayoral.es\/index.php\/wp-json\/wp\/v2\/users\/1"}],"replies":[{"embeddable":true,"href":"https:\/\/www.raulmayoral.es\/index.php\/wp-json\/wp\/v2\/comments?post=3109"}],"version-history":[{"count":3,"href":"https:\/\/www.raulmayoral.es\/index.php\/wp-json\/wp\/v2\/posts\/3109\/revisions"}],"predecessor-version":[{"id":3427,"href":"https:\/\/www.raulmayoral.es\/index.php\/wp-json\/wp\/v2\/posts\/3109\/revisions\/3427"}],"wp:featuredmedia":[{"embeddable":true,"href":"https:\/\/www.raulmayoral.es\/index.php\/wp-json\/wp\/v2\/media\/3110"}],"wp:attachment":[{"href":"https:\/\/www.raulmayoral.es\/index.php\/wp-json\/wp\/v2\/media?parent=3109"}],"wp:term":[{"taxonomy":"category","embeddable":true,"href":"https:\/\/www.raulmayoral.es\/index.php\/wp-json\/wp\/v2\/categories?post=3109"},{"taxonomy":"post_tag","embeddable":true,"href":"https:\/\/www.raulmayoral.es\/index.php\/wp-json\/wp\/v2\/tags?post=3109"}],"curies":[{"name":"wp","href":"https:\/\/api.w.org\/{rel}","templated":true}]}}