{"id":3129,"date":"2024-11-24T13:06:16","date_gmt":"2024-11-24T12:06:16","guid":{"rendered":"https:\/\/www.raulmayoral.es\/?p=3129"},"modified":"2024-11-24T13:06:18","modified_gmt":"2024-11-24T12:06:18","slug":"24-de-noviembre-santas-flora-y-maria-de-cordoba-851","status":"publish","type":"post","link":"https:\/\/www.raulmayoral.es\/index.php\/2024\/11\/24\/24-de-noviembre-santas-flora-y-maria-de-cordoba-851\/","title":{"rendered":"24 de noviembre. Santas Flora y Mar\u00eda de C\u00f3rdoba (851)"},"content":{"rendered":"\n<p class=\"wp-block-paragraph\"><strong>Flora<\/strong> era cordobesa, hu\u00e9rfana de un padre musulm\u00e1n y educada por una madre cristiana. El fanatismo de su hermano mayor la condujo a presencia del cad\u00ed, quien la hizo azotar sin conseguir que renegara de su fe. As\u00ed lo cuenta su bi\u00f3grafo <strong>San Eulogio<\/strong> que la conoci\u00f3. <strong>Mar\u00eda<\/strong> era de padres cristianos que se retiraron a un pueblo de las monta\u00f1as cordobesas con sus dos hijos, ella y <strong>Walabonso<\/strong>; \u00e9ste fue confiado a un sacerdote para que le educase en un monasterio y Mar\u00eda entr\u00f3 en el cenobio de Cuteclara. Tras el martirio de Walabonso, Mar\u00eda se lanz\u00f3 a la calle para proclamar su fe y entr\u00f3 a orar en la iglesia de San Acisclo, donde estaba Flora, quien tambi\u00e9n se encomendaba a los m\u00e1rtires tras o\u00edr a <strong>Cristo<\/strong> que le dec\u00eda: \u00abOtra vez vengo a ser crucificado\u00bb.<\/p>\n\n\n\n<p class=\"wp-block-paragraph\">Las dos doncellas se dan el \u00f3sculo de la paz, se descubren una a otra su prop\u00f3sito y se juran amistad indisoluble y no separarse por ninguna causa hasta que las dos vayan a reunirse en el Cielo. Luego se presentan resueltamente ante los jueces desafi\u00e1ndolos con la proclamaci\u00f3n de su fe. De los calabozos, donde se mezclan con prostitutas, las sacan para el martirio. <\/p>\n\n\n\n<p class=\"wp-block-paragraph\">\u00abEllas se santiguaron\u00bb, escribe San Eulogio, \u00abdespu\u00e9s alargando los cuellos al verdugo cay\u00f3 <strong>Santa Flora<\/strong> y a continuaci\u00f3n <strong>Santa Mar\u00eda<\/strong>. Sus sagrados cuerpos quedaron expuestos all\u00ed para pasto de los perros y de las aves, y un d\u00eda despu\u00e9s los arrojaron al Guadalquivir. Sus santas cabezas se conservan en la bas\u00edlica del m\u00e1rtir San Acisclo. All\u00ed el pueblo cristiano siente visiblemente su protecci\u00f3n\u00bb.<\/p>\n\n\n\n<p class=\"wp-block-paragraph\">Fuente: <em>La casa de los Santos. Un Santo para cada d\u00eda.<\/em> Carlos Pujol <\/p>\n","protected":false},"excerpt":{"rendered":"<p>Flora era cordobesa, hu\u00e9rfana de un padre musulm\u00e1n y educada por una madre cristiana. El fanatismo de su hermano mayor la condujo a presencia del cad\u00ed, quien la hizo azotar sin conseguir que renegara de su fe. As\u00ed lo cuenta su bi\u00f3grafo San Eulogio que la conoci\u00f3. Mar\u00eda era de padres cristianos que se retiraron [&hellip;]<\/p>\n","protected":false},"author":1,"featured_media":3130,"comment_status":"open","ping_status":"open","sticky":false,"template":"","format":"standard","meta":{"_crdt_document":"","om_disable_all_campaigns":false,"_monsterinsights_skip_tracking":false,"_monsterinsights_sitenote_active":false,"_monsterinsights_sitenote_note":"","_monsterinsights_sitenote_category":0,"_uf_show_specific_survey":0,"_uf_disable_surveys":false,"jetpack_post_was_ever_published":false,"_jetpack_newsletter_access":"","_jetpack_dont_email_post_to_subs":false,"_jetpack_newsletter_tier_id":0,"_jetpack_memberships_contains_paywalled_content":false,"_jetpack_memberships_contains_paid_content":false,"footnotes":"","jetpack_publicize_message":"","jetpack_publicize_feature_enabled":true,"jetpack_social_post_already_shared":false,"jetpack_social_options":{"image_generator_settings":{"template":"highway","enabled":false}}},"categories":[32],"tags":[],"class_list":["post-3129","post","type-post","status-publish","format-standard","has-post-thumbnail","hentry","category-santoral"],"aioseo_notices":[],"jetpack_publicize_connections":[],"jetpack_featured_media_url":"https:\/\/i0.wp.com\/www.raulmayoral.es\/wp-content\/uploads\/2024\/11\/24-noviembre.jpg?fit=720%2C904&ssl=1","jetpack-related-posts":[],"jetpack_sharing_enabled":true,"_links":{"self":[{"href":"https:\/\/www.raulmayoral.es\/index.php\/wp-json\/wp\/v2\/posts\/3129","targetHints":{"allow":["GET"]}}],"collection":[{"href":"https:\/\/www.raulmayoral.es\/index.php\/wp-json\/wp\/v2\/posts"}],"about":[{"href":"https:\/\/www.raulmayoral.es\/index.php\/wp-json\/wp\/v2\/types\/post"}],"author":[{"embeddable":true,"href":"https:\/\/www.raulmayoral.es\/index.php\/wp-json\/wp\/v2\/users\/1"}],"replies":[{"embeddable":true,"href":"https:\/\/www.raulmayoral.es\/index.php\/wp-json\/wp\/v2\/comments?post=3129"}],"version-history":[{"count":1,"href":"https:\/\/www.raulmayoral.es\/index.php\/wp-json\/wp\/v2\/posts\/3129\/revisions"}],"predecessor-version":[{"id":3131,"href":"https:\/\/www.raulmayoral.es\/index.php\/wp-json\/wp\/v2\/posts\/3129\/revisions\/3131"}],"wp:featuredmedia":[{"embeddable":true,"href":"https:\/\/www.raulmayoral.es\/index.php\/wp-json\/wp\/v2\/media\/3130"}],"wp:attachment":[{"href":"https:\/\/www.raulmayoral.es\/index.php\/wp-json\/wp\/v2\/media?parent=3129"}],"wp:term":[{"taxonomy":"category","embeddable":true,"href":"https:\/\/www.raulmayoral.es\/index.php\/wp-json\/wp\/v2\/categories?post=3129"},{"taxonomy":"post_tag","embeddable":true,"href":"https:\/\/www.raulmayoral.es\/index.php\/wp-json\/wp\/v2\/tags?post=3129"}],"curies":[{"name":"wp","href":"https:\/\/api.w.org\/{rel}","templated":true}]}}