{"id":3132,"date":"2024-11-25T09:01:08","date_gmt":"2024-11-25T08:01:08","guid":{"rendered":"https:\/\/www.raulmayoral.es\/?p=3132"},"modified":"2025-11-25T09:34:55","modified_gmt":"2025-11-25T08:34:55","slug":"25-de-noviembre-santa-catalina-de-alejandria","status":"publish","type":"post","link":"https:\/\/www.raulmayoral.es\/index.php\/2024\/11\/25\/25-de-noviembre-santa-catalina-de-alejandria\/","title":{"rendered":"25 de noviembre. Santa Catalina de Alejandr\u00eda"},"content":{"rendered":"\n<p class=\"wp-block-paragraph\">Dicen los sabios hagi\u00f3grafos que <strong>Catalina<\/strong> nunca existi\u00f3, atribuyendo su historia a un tard\u00edo relato de fines edificantes. Es posible, porque no hay pruebas de que existiera, salvo el antiqu\u00edsimo monasterio ortodoxo levantado en el Sina\u00ed y que lleva su nombre. Sin embargo, es una de las Santas, que m\u00e1s hondo ha calado en la sensibilidad religiosa de Oriente y de Occidente.<\/p>\n\n\n\n<p class=\"wp-block-paragraph\">En su vida, popularizada por pormenores como el de la rueda, en que sufri\u00f3 tormento, y cuyas cuchillas acabaron hiriendo a los propios verdugos, concurre el testimonio valiente de la verdad, siendo esto lo m\u00e1s atrayente del personaje. No es su muerte a manos de infames sicarios, sino su ansiosa b\u00fasqueda de la verdad en aquel ambiente blando y cosmopolita, corrompido y ecl\u00e9ctico de la Alejandr\u00eda de su \u00e9poca. <\/p>\n\n\n\n<p class=\"wp-block-paragraph\">Insatisfecha con las ideas com\u00fanmente admitidas, fluctuantes, acomodaticias, un poco de <strong>Plat\u00f3n<\/strong>, unas gotas de pante\u00edsmo, algo de misticismo barato, los Evangelios adaptados, residuos de la ense\u00f1anza pagana, todo bien aderezado, <strong>Santa Catalina <\/strong>estudia, investiga y una vez bautizada confunde en un debate p\u00fablico a los te\u00f3logos a la moda y muere por lo que cree. Si Catalina no existi\u00f3, hubiera debido existir entonces y ahora, sin conformarse con la mezcla impura que todos dan por buena, y pagar con su vida la proclamada Verdad.<\/p>\n\n\n\n<p class=\"wp-block-paragraph\">Fuente: <em>La casa de los Santos. Un Santo para cada d\u00eda<\/em>. Carlos Pujol <\/p>\n","protected":false},"excerpt":{"rendered":"<p>Dicen los sabios hagi\u00f3grafos que Catalina nunca existi\u00f3, atribuyendo su historia a un tard\u00edo relato de fines edificantes. Es posible, porque no hay pruebas de que existiera, salvo el antiqu\u00edsimo monasterio ortodoxo levantado en el Sina\u00ed y que lleva su nombre. Sin embargo, es una de las Santas, que m\u00e1s hondo ha calado en la [&hellip;]<\/p>\n","protected":false},"author":1,"featured_media":3133,"comment_status":"open","ping_status":"open","sticky":false,"template":"","format":"standard","meta":{"_crdt_document":"","om_disable_all_campaigns":false,"_monsterinsights_skip_tracking":false,"_monsterinsights_sitenote_active":false,"_monsterinsights_sitenote_note":"","_monsterinsights_sitenote_category":0,"_uf_show_specific_survey":0,"_uf_disable_surveys":false,"jetpack_post_was_ever_published":false,"_jetpack_newsletter_access":"","_jetpack_dont_email_post_to_subs":false,"_jetpack_newsletter_tier_id":0,"_jetpack_memberships_contains_paywalled_content":false,"_jetpack_memberships_contains_paid_content":false,"footnotes":"","jetpack_publicize_message":"","jetpack_publicize_feature_enabled":true,"jetpack_social_post_already_shared":false,"jetpack_social_options":{"image_generator_settings":{"template":"highway","enabled":false}}},"categories":[32],"tags":[],"class_list":["post-3132","post","type-post","status-publish","format-standard","has-post-thumbnail","hentry","category-santoral"],"aioseo_notices":[],"jetpack_publicize_connections":[],"jetpack_featured_media_url":"https:\/\/i0.wp.com\/www.raulmayoral.es\/wp-content\/uploads\/2024\/11\/25-noviembre.jpg?fit=219%2C287&ssl=1","jetpack-related-posts":[],"jetpack_sharing_enabled":true,"_links":{"self":[{"href":"https:\/\/www.raulmayoral.es\/index.php\/wp-json\/wp\/v2\/posts\/3132","targetHints":{"allow":["GET"]}}],"collection":[{"href":"https:\/\/www.raulmayoral.es\/index.php\/wp-json\/wp\/v2\/posts"}],"about":[{"href":"https:\/\/www.raulmayoral.es\/index.php\/wp-json\/wp\/v2\/types\/post"}],"author":[{"embeddable":true,"href":"https:\/\/www.raulmayoral.es\/index.php\/wp-json\/wp\/v2\/users\/1"}],"replies":[{"embeddable":true,"href":"https:\/\/www.raulmayoral.es\/index.php\/wp-json\/wp\/v2\/comments?post=3132"}],"version-history":[{"count":2,"href":"https:\/\/www.raulmayoral.es\/index.php\/wp-json\/wp\/v2\/posts\/3132\/revisions"}],"predecessor-version":[{"id":3437,"href":"https:\/\/www.raulmayoral.es\/index.php\/wp-json\/wp\/v2\/posts\/3132\/revisions\/3437"}],"wp:featuredmedia":[{"embeddable":true,"href":"https:\/\/www.raulmayoral.es\/index.php\/wp-json\/wp\/v2\/media\/3133"}],"wp:attachment":[{"href":"https:\/\/www.raulmayoral.es\/index.php\/wp-json\/wp\/v2\/media?parent=3132"}],"wp:term":[{"taxonomy":"category","embeddable":true,"href":"https:\/\/www.raulmayoral.es\/index.php\/wp-json\/wp\/v2\/categories?post=3132"},{"taxonomy":"post_tag","embeddable":true,"href":"https:\/\/www.raulmayoral.es\/index.php\/wp-json\/wp\/v2\/tags?post=3132"}],"curies":[{"name":"wp","href":"https:\/\/api.w.org\/{rel}","templated":true}]}}