{"id":3138,"date":"2024-11-27T11:46:36","date_gmt":"2024-11-27T10:46:36","guid":{"rendered":"https:\/\/www.raulmayoral.es\/?p=3138"},"modified":"2025-11-27T09:17:04","modified_gmt":"2025-11-27T08:17:04","slug":"27-de-noviembre-san-simeon-metafaste-siglo-x","status":"publish","type":"post","link":"https:\/\/www.raulmayoral.es\/index.php\/2024\/11\/27\/27-de-noviembre-san-simeon-metafaste-siglo-x\/","title":{"rendered":"27 de noviembre. San Sime\u00f3n metafraste (Siglo X)"},"content":{"rendered":"\n<p class=\"wp-block-paragraph\"><strong>Sime\u00f3n<\/strong>, llamado \u00abmetafraste\u00bb, es decir, int\u00e9rprete, fue un Santo que se ocup\u00f3 de compilar la vida de Santos. Poco se sabe de \u00e9l. Era de Constantinopla, nacido de padres ilustres y ricos, mostr\u00f3 desde ni\u00f1o un gran y agudo ingenio. Al servicio del emperador, quiz\u00e1 <strong>Constantino VII<\/strong>, mostr\u00f3 bondad y prudencia, sin llegar a ser soberbio. Vivi\u00f3 como un fil\u00f3sofo grave y modestamente.<\/p>\n\n\n\n<p class=\"wp-block-paragraph\">En los llamados menologios, las relaciones de m\u00e1rtires griegos ordenadas por meses, compil\u00f3 muchas vidas de santos con su ret\u00f3rica dulce y elegante. Interpret\u00f3 con buena prosa la vida de los ellos y alcanz\u00f3 as\u00ed la santidad.<\/p>\n\n\n\n<p class=\"wp-block-paragraph\">Se dice que en casa de herrero cuchillo de palo, no es menor la paradoja del que escribe sobre santos y sigue viviendo como un vulgar pecador. \u00bfNo deber\u00eda contagiarse uno a fuerza de interpretar estas admirables historias? Que <strong>San Sime\u00f3n<\/strong> interceda por los pobres hagi\u00f3grafos y les d\u00e9 verdad, belleza y fuego para ser dignos de lo que llevan entre manos.<\/p>\n\n\n\n<p class=\"wp-block-paragraph\">Fuente: <em>La casa de los Santos. Un Santo para cada d\u00eda<\/em>. Carlos Pujol.<\/p>\n","protected":false},"excerpt":{"rendered":"<p>Sime\u00f3n, llamado \u00abmetafraste\u00bb, es decir, int\u00e9rprete, fue un Santo que se ocup\u00f3 de compilar la vida de Santos. Poco se sabe de \u00e9l. Era de Constantinopla, nacido de padres ilustres y ricos, mostr\u00f3 desde ni\u00f1o un gran y agudo ingenio. Al servicio del emperador, quiz\u00e1 Constantino VII, mostr\u00f3 bondad y prudencia, sin llegar a ser [&hellip;]<\/p>\n","protected":false},"author":1,"featured_media":3139,"comment_status":"open","ping_status":"open","sticky":false,"template":"","format":"standard","meta":{"_crdt_document":"","om_disable_all_campaigns":false,"_monsterinsights_skip_tracking":false,"_monsterinsights_sitenote_active":false,"_monsterinsights_sitenote_note":"","_monsterinsights_sitenote_category":0,"_uf_show_specific_survey":0,"_uf_disable_surveys":false,"jetpack_post_was_ever_published":false,"_jetpack_newsletter_access":"","_jetpack_dont_email_post_to_subs":false,"_jetpack_newsletter_tier_id":0,"_jetpack_memberships_contains_paywalled_content":false,"_jetpack_memberships_contains_paid_content":false,"footnotes":"","jetpack_publicize_message":"","jetpack_publicize_feature_enabled":true,"jetpack_social_post_already_shared":false,"jetpack_social_options":{"image_generator_settings":{"template":"highway","enabled":false}}},"categories":[32],"tags":[],"class_list":["post-3138","post","type-post","status-publish","format-standard","has-post-thumbnail","hentry","category-santoral"],"aioseo_notices":[],"jetpack_publicize_connections":[],"jetpack_featured_media_url":"https:\/\/i0.wp.com\/www.raulmayoral.es\/wp-content\/uploads\/2024\/11\/27-noviembre.jpg?fit=220%2C275&ssl=1","jetpack-related-posts":[],"jetpack_sharing_enabled":true,"_links":{"self":[{"href":"https:\/\/www.raulmayoral.es\/index.php\/wp-json\/wp\/v2\/posts\/3138","targetHints":{"allow":["GET"]}}],"collection":[{"href":"https:\/\/www.raulmayoral.es\/index.php\/wp-json\/wp\/v2\/posts"}],"about":[{"href":"https:\/\/www.raulmayoral.es\/index.php\/wp-json\/wp\/v2\/types\/post"}],"author":[{"embeddable":true,"href":"https:\/\/www.raulmayoral.es\/index.php\/wp-json\/wp\/v2\/users\/1"}],"replies":[{"embeddable":true,"href":"https:\/\/www.raulmayoral.es\/index.php\/wp-json\/wp\/v2\/comments?post=3138"}],"version-history":[{"count":3,"href":"https:\/\/www.raulmayoral.es\/index.php\/wp-json\/wp\/v2\/posts\/3138\/revisions"}],"predecessor-version":[{"id":3441,"href":"https:\/\/www.raulmayoral.es\/index.php\/wp-json\/wp\/v2\/posts\/3138\/revisions\/3441"}],"wp:featuredmedia":[{"embeddable":true,"href":"https:\/\/www.raulmayoral.es\/index.php\/wp-json\/wp\/v2\/media\/3139"}],"wp:attachment":[{"href":"https:\/\/www.raulmayoral.es\/index.php\/wp-json\/wp\/v2\/media?parent=3138"}],"wp:term":[{"taxonomy":"category","embeddable":true,"href":"https:\/\/www.raulmayoral.es\/index.php\/wp-json\/wp\/v2\/categories?post=3138"},{"taxonomy":"post_tag","embeddable":true,"href":"https:\/\/www.raulmayoral.es\/index.php\/wp-json\/wp\/v2\/tags?post=3138"}],"curies":[{"name":"wp","href":"https:\/\/api.w.org\/{rel}","templated":true}]}}