{"id":3142,"date":"2024-11-28T07:28:41","date_gmt":"2024-11-28T06:28:41","guid":{"rendered":"https:\/\/www.raulmayoral.es\/?p=3142"},"modified":"2025-11-28T10:58:40","modified_gmt":"2025-11-28T09:58:40","slug":"28-de-noviembre-santa-catalina-laboure-1806-1876","status":"publish","type":"post","link":"https:\/\/www.raulmayoral.es\/index.php\/2024\/11\/28\/28-de-noviembre-santa-catalina-laboure-1806-1876\/","title":{"rendered":"28 de noviembre. Santa Catalina Labour\u00e9 (1806-1876)"},"content":{"rendered":"\n<p class=\"wp-block-paragraph\">Modesta campesina bretona, no muy instruida pero con el recio sentido com\u00fan y el s\u00f3lido equilibrio de las mujeres fuertes y sacrificadas acostumbradas al trabajo m\u00e1s ingrato y m\u00e1s duro. Sustituy\u00f3 a su madre muerta en la direcci\u00f3n de la granja paterna, cuidando a diez hermanos, atendiendo todo y a\u00fan encontrando tiempo para ir a la iglesia y visitar enfermos.<\/p>\n\n\n\n<p class=\"wp-block-paragraph\">Fue criada y camarera en el caf\u00e9 de su hermano en Par\u00eds antes de hacer el noviciado en las Hijas de la Caridad, la fundaci\u00f3n de <strong>San Vicente de Paul<\/strong>. El resto de su vida no es de un relieve visible, cuarenta y tantos a\u00f1os en un hospital, en medio del anonimato m\u00e1s absoluto, como miles de monjas dedicadas al servicio de los desamparados por amor a <strong>Dios<\/strong>. Nadie sab\u00eda que en su juventud, en 1830, en la capilla de la rue du Bac hab\u00eda tenido unas visiones de la Virgen. Nuestra Se\u00f1ora, sentada en una silla que a\u00fan se conserva, ped\u00eda a <strong>Santa Catalina<\/strong> que se acu\u00f1ase una medalla con su imagen de cuyas manos saliesen rayos de luz, las gracias que derrama sobre el mundo.<\/p>\n\n\n\n<p class=\"wp-block-paragraph\">Este fue el origen de la \u00abmedalla milagrosa\u00bb, que se difundi\u00f3 r\u00e1pidamente y obr\u00f3 numerosos prodigios sobrenaturales, sin que nadie supiera hasta la muerte de la santa que fue ella quien vio a la Virgen y escuch\u00f3 sus palabras, cumpliendo el encargo para luego poner el sello del silencio y de la caridad sin nombre a la misi\u00f3n recibida. <\/p>\n\n\n\n<p class=\"wp-block-paragraph\">Fuente: <em>La casa de los Santos. Un Santo para cada d\u00eda<\/em>. Carlos Pujol.<\/p>\n\n\n\n<p class=\"wp-block-paragraph\"><\/p>\n","protected":false},"excerpt":{"rendered":"<p>Modesta campesina bretona, no muy instruida pero con el recio sentido com\u00fan y el s\u00f3lido equilibrio de las mujeres fuertes y sacrificadas acostumbradas al trabajo m\u00e1s ingrato y m\u00e1s duro. Sustituy\u00f3 a su madre muerta en la direcci\u00f3n de la granja paterna, cuidando a diez hermanos, atendiendo todo y a\u00fan encontrando tiempo para ir a [&hellip;]<\/p>\n","protected":false},"author":1,"featured_media":3143,"comment_status":"open","ping_status":"open","sticky":false,"template":"","format":"standard","meta":{"_crdt_document":"","om_disable_all_campaigns":false,"_monsterinsights_skip_tracking":false,"_monsterinsights_sitenote_active":false,"_monsterinsights_sitenote_note":"","_monsterinsights_sitenote_category":0,"_uf_show_specific_survey":0,"_uf_disable_surveys":false,"jetpack_post_was_ever_published":false,"_jetpack_newsletter_access":"","_jetpack_dont_email_post_to_subs":false,"_jetpack_newsletter_tier_id":0,"_jetpack_memberships_contains_paywalled_content":false,"_jetpack_memberships_contains_paid_content":false,"footnotes":"","jetpack_publicize_message":"","jetpack_publicize_feature_enabled":true,"jetpack_social_post_already_shared":false,"jetpack_social_options":{"image_generator_settings":{"template":"highway","enabled":false}}},"categories":[32],"tags":[],"class_list":["post-3142","post","type-post","status-publish","format-standard","has-post-thumbnail","hentry","category-santoral"],"aioseo_notices":[],"jetpack_publicize_connections":[],"jetpack_featured_media_url":"https:\/\/i0.wp.com\/www.raulmayoral.es\/wp-content\/uploads\/2024\/11\/28-noviembre.jpg?fit=900%2C1915&ssl=1","jetpack-related-posts":[],"jetpack_sharing_enabled":true,"_links":{"self":[{"href":"https:\/\/www.raulmayoral.es\/index.php\/wp-json\/wp\/v2\/posts\/3142","targetHints":{"allow":["GET"]}}],"collection":[{"href":"https:\/\/www.raulmayoral.es\/index.php\/wp-json\/wp\/v2\/posts"}],"about":[{"href":"https:\/\/www.raulmayoral.es\/index.php\/wp-json\/wp\/v2\/types\/post"}],"author":[{"embeddable":true,"href":"https:\/\/www.raulmayoral.es\/index.php\/wp-json\/wp\/v2\/users\/1"}],"replies":[{"embeddable":true,"href":"https:\/\/www.raulmayoral.es\/index.php\/wp-json\/wp\/v2\/comments?post=3142"}],"version-history":[{"count":3,"href":"https:\/\/www.raulmayoral.es\/index.php\/wp-json\/wp\/v2\/posts\/3142\/revisions"}],"predecessor-version":[{"id":3442,"href":"https:\/\/www.raulmayoral.es\/index.php\/wp-json\/wp\/v2\/posts\/3142\/revisions\/3442"}],"wp:featuredmedia":[{"embeddable":true,"href":"https:\/\/www.raulmayoral.es\/index.php\/wp-json\/wp\/v2\/media\/3143"}],"wp:attachment":[{"href":"https:\/\/www.raulmayoral.es\/index.php\/wp-json\/wp\/v2\/media?parent=3142"}],"wp:term":[{"taxonomy":"category","embeddable":true,"href":"https:\/\/www.raulmayoral.es\/index.php\/wp-json\/wp\/v2\/categories?post=3142"},{"taxonomy":"post_tag","embeddable":true,"href":"https:\/\/www.raulmayoral.es\/index.php\/wp-json\/wp\/v2\/tags?post=3142"}],"curies":[{"name":"wp","href":"https:\/\/api.w.org\/{rel}","templated":true}]}}