{"id":3149,"date":"2024-11-29T11:00:29","date_gmt":"2024-11-29T10:00:29","guid":{"rendered":"https:\/\/www.raulmayoral.es\/?p=3149"},"modified":"2025-11-29T20:09:48","modified_gmt":"2025-11-29T19:09:48","slug":"29-de-noviembre-san-saturnino-250","status":"publish","type":"post","link":"https:\/\/www.raulmayoral.es\/index.php\/2024\/11\/29\/29-de-noviembre-san-saturnino-250\/","title":{"rendered":"29 de noviembre. San Saturnino (&#8230; &#8211; 250)"},"content":{"rendered":"\n<p class=\"wp-block-paragraph\">La tradici\u00f3n le supone griego, nacido en Patras. A comienzos del siglo III el <strong>Papa San Fabi\u00e1n <\/strong>le env\u00eda a las Galias. Es el santo de las canciones infantiles,<strong> San Seren\u00edn<\/strong>, es tambi\u00e9n el que da su nombre a una de las iglesias rom\u00e1nicas m\u00e1s hermosas del mundo, Saint-Sern\u00edn de Toulose o Tolosa del Lenguadoc, ciudad de la que fue primer obispo.<\/p>\n\n\n\n<p class=\"wp-block-paragraph\">De su vida se sabe muy poco, pero se cree que mision\u00f3 en un amplio territorio a ambos lados del Pirineo y que mand\u00f3 a su disc\u00edpulo <strong>Honesto<\/strong> a evangelizar Pamplona; tambi\u00e9n se cree que el propio <strong>Saturnino<\/strong> visit\u00f3 la capital navarra y que fue maestro de <strong>San Ferm\u00edn. <\/strong>Muri\u00f3 durante la persecuci\u00f3n de <strong>Decio<\/strong>: los sacerdotes paganos de Tolosa le responsabilizaron del mutismo de sus \u00eddolos, que hab\u00edan dejado de emitir or\u00e1culos, y cuando el obispo pasaba cerca del templo de<strong> <\/strong>J\u00fapiter, la muchedumbre se apoder\u00f3 de \u00e9l y le at\u00f3 a un toro que iba a ser inmolado. El animal ech\u00f3 a correr arrastrando al m\u00e1rtir que qued\u00f3 con la cabeza destrozada.<\/p>\n\n\n\n<p class=\"wp-block-paragraph\">En torno a sus reliquias se construy\u00f3 primero una abad\u00eda y luego la bas\u00edlica actual, que visitaban todos los peregrinos de Compostela, y as\u00ed fue como su culto se extendi\u00f3 por Espa\u00f1a y por todo el sur de Francia.<\/p>\n\n\n\n<p class=\"wp-block-paragraph\">Fuente: <em>La casa de los Santos. Un Santo para cada d\u00eda<\/em>. Carlos Pujol<\/p>\n","protected":false},"excerpt":{"rendered":"<p>La tradici\u00f3n le supone griego, nacido en Patras. A comienzos del siglo III el Papa San Fabi\u00e1n le env\u00eda a las Galias. Es el santo de las canciones infantiles, San Seren\u00edn, es tambi\u00e9n el que da su nombre a una de las iglesias rom\u00e1nicas m\u00e1s hermosas del mundo, Saint-Sern\u00edn de Toulose o Tolosa del Lenguadoc, [&hellip;]<\/p>\n","protected":false},"author":1,"featured_media":3150,"comment_status":"open","ping_status":"open","sticky":false,"template":"","format":"standard","meta":{"_crdt_document":"","om_disable_all_campaigns":false,"_monsterinsights_skip_tracking":false,"_monsterinsights_sitenote_active":false,"_monsterinsights_sitenote_note":"","_monsterinsights_sitenote_category":0,"_uf_show_specific_survey":0,"_uf_disable_surveys":false,"jetpack_post_was_ever_published":false,"_jetpack_newsletter_access":"","_jetpack_dont_email_post_to_subs":false,"_jetpack_newsletter_tier_id":0,"_jetpack_memberships_contains_paywalled_content":false,"_jetpack_memberships_contains_paid_content":false,"footnotes":"","jetpack_publicize_message":"","jetpack_publicize_feature_enabled":true,"jetpack_social_post_already_shared":false,"jetpack_social_options":{"image_generator_settings":{"template":"highway","enabled":false}}},"categories":[32],"tags":[],"class_list":["post-3149","post","type-post","status-publish","format-standard","has-post-thumbnail","hentry","category-santoral"],"aioseo_notices":[],"jetpack_publicize_connections":[],"jetpack_featured_media_url":"https:\/\/i0.wp.com\/www.raulmayoral.es\/wp-content\/uploads\/2024\/11\/29-noviembre.jpg?fit=300%2C414&ssl=1","jetpack-related-posts":[],"jetpack_sharing_enabled":true,"_links":{"self":[{"href":"https:\/\/www.raulmayoral.es\/index.php\/wp-json\/wp\/v2\/posts\/3149","targetHints":{"allow":["GET"]}}],"collection":[{"href":"https:\/\/www.raulmayoral.es\/index.php\/wp-json\/wp\/v2\/posts"}],"about":[{"href":"https:\/\/www.raulmayoral.es\/index.php\/wp-json\/wp\/v2\/types\/post"}],"author":[{"embeddable":true,"href":"https:\/\/www.raulmayoral.es\/index.php\/wp-json\/wp\/v2\/users\/1"}],"replies":[{"embeddable":true,"href":"https:\/\/www.raulmayoral.es\/index.php\/wp-json\/wp\/v2\/comments?post=3149"}],"version-history":[{"count":3,"href":"https:\/\/www.raulmayoral.es\/index.php\/wp-json\/wp\/v2\/posts\/3149\/revisions"}],"predecessor-version":[{"id":3443,"href":"https:\/\/www.raulmayoral.es\/index.php\/wp-json\/wp\/v2\/posts\/3149\/revisions\/3443"}],"wp:featuredmedia":[{"embeddable":true,"href":"https:\/\/www.raulmayoral.es\/index.php\/wp-json\/wp\/v2\/media\/3150"}],"wp:attachment":[{"href":"https:\/\/www.raulmayoral.es\/index.php\/wp-json\/wp\/v2\/media?parent=3149"}],"wp:term":[{"taxonomy":"category","embeddable":true,"href":"https:\/\/www.raulmayoral.es\/index.php\/wp-json\/wp\/v2\/categories?post=3149"},{"taxonomy":"post_tag","embeddable":true,"href":"https:\/\/www.raulmayoral.es\/index.php\/wp-json\/wp\/v2\/tags?post=3149"}],"curies":[{"name":"wp","href":"https:\/\/api.w.org\/{rel}","templated":true}]}}