{"id":3154,"date":"2024-11-30T13:22:52","date_gmt":"2024-11-30T12:22:52","guid":{"rendered":"https:\/\/www.raulmayoral.es\/?p=3154"},"modified":"2024-11-30T13:22:55","modified_gmt":"2024-11-30T12:22:55","slug":"30-de-noviembre-san-andres-siglo-i","status":"publish","type":"post","link":"https:\/\/www.raulmayoral.es\/index.php\/2024\/11\/30\/30-de-noviembre-san-andres-siglo-i\/","title":{"rendered":"30 de noviembre. San Andr\u00e9s (siglo I)"},"content":{"rendered":"\n<p class=\"wp-block-paragraph\">El primero de los llamados, un pescador al que atrae la palabra de <em>Juan el Bautista <\/em>y que no tarda en seguir a <strong>Jes\u00fas<\/strong>, llevando hasta \u00c9l a su hermano <strong>Pedro<\/strong>. <strong>Andr\u00e9s<\/strong>, en griego, el Hombre, tiene el arrebato incontenible de los ap\u00f3stoles; cuando ha conocido a <strong>Cristo<\/strong>, hace que su hermano le conozca tambi\u00e9n, sin p\u00e9rdida de tiempo, le arrastra hacia el Maestro, dando as\u00ed lugar a que se produzca el anuncio fundacional de la Iglesia. <\/p>\n\n\n\n<p class=\"wp-block-paragraph\">Es el modelo de la evangelizaci\u00f3n: no querer nada para uno mismo, sino llevar a otros a Jes\u00fas sin saber lo que har\u00e1 con ellos, s\u00f3lo por ansias de mediar activamente entre los dem\u00e1s y Dios. Aunque fue el primer disc\u00edpulo, no ser\u00e1 el primer Papa. No sabemos cu\u00e1les fueron sus caminos tras la dispersi\u00f3n de los disc\u00edpulos despu\u00e9s de Pentecost\u00e9s, tal vez Asia Menor, Grecia, la Escitia a\u00fan salvaje, pero la tradici\u00f3n asegura que fue el primer obispo de Constantinopla. <\/p>\n\n\n\n<p class=\"wp-block-paragraph\">Viajes, peripecias, predicaciones, extender la luz por lugares desconocidos y paganos, hasta que <strong>San Andr\u00e9s<\/strong> muere m\u00e1rtir en una cruz aspada que tiene forma de equis, letra que alude a la inicial griega del nombre de Cristo,  signo para la posteridad de los creyentes y que aparece en los emblemas de Escocia, de donde es patr\u00f3n, como lo es tambi\u00e9n de Grecia y Rusia.<\/p>\n\n\n\n<p class=\"wp-block-paragraph\">Fuente.<em> La casa de los Santos. Un Santo para cada d\u00eda<\/em>. Carlos Pujol.<\/p>\n","protected":false},"excerpt":{"rendered":"<p>El primero de los llamados, un pescador al que atrae la palabra de Juan el Bautista y que no tarda en seguir a Jes\u00fas, llevando hasta \u00c9l a su hermano Pedro. Andr\u00e9s, en griego, el Hombre, tiene el arrebato incontenible de los ap\u00f3stoles; cuando ha conocido a Cristo, hace que su hermano le conozca tambi\u00e9n, [&hellip;]<\/p>\n","protected":false},"author":1,"featured_media":3155,"comment_status":"open","ping_status":"open","sticky":false,"template":"","format":"standard","meta":{"_crdt_document":"","om_disable_all_campaigns":false,"_monsterinsights_skip_tracking":false,"_monsterinsights_sitenote_active":false,"_monsterinsights_sitenote_note":"","_monsterinsights_sitenote_category":0,"_uf_show_specific_survey":0,"_uf_disable_surveys":false,"jetpack_post_was_ever_published":false,"_jetpack_newsletter_access":"","_jetpack_dont_email_post_to_subs":false,"_jetpack_newsletter_tier_id":0,"_jetpack_memberships_contains_paywalled_content":false,"_jetpack_memberships_contains_paid_content":false,"footnotes":"","jetpack_publicize_message":"","jetpack_publicize_feature_enabled":true,"jetpack_social_post_already_shared":false,"jetpack_social_options":{"image_generator_settings":{"template":"highway","enabled":false}}},"categories":[32],"tags":[],"class_list":["post-3154","post","type-post","status-publish","format-standard","has-post-thumbnail","hentry","category-santoral"],"aioseo_notices":[],"jetpack_publicize_connections":[],"jetpack_featured_media_url":"https:\/\/i0.wp.com\/www.raulmayoral.es\/wp-content\/uploads\/2024\/11\/30-noviembre.jpg?fit=534%2C700&ssl=1","jetpack-related-posts":[],"jetpack_sharing_enabled":true,"_links":{"self":[{"href":"https:\/\/www.raulmayoral.es\/index.php\/wp-json\/wp\/v2\/posts\/3154","targetHints":{"allow":["GET"]}}],"collection":[{"href":"https:\/\/www.raulmayoral.es\/index.php\/wp-json\/wp\/v2\/posts"}],"about":[{"href":"https:\/\/www.raulmayoral.es\/index.php\/wp-json\/wp\/v2\/types\/post"}],"author":[{"embeddable":true,"href":"https:\/\/www.raulmayoral.es\/index.php\/wp-json\/wp\/v2\/users\/1"}],"replies":[{"embeddable":true,"href":"https:\/\/www.raulmayoral.es\/index.php\/wp-json\/wp\/v2\/comments?post=3154"}],"version-history":[{"count":1,"href":"https:\/\/www.raulmayoral.es\/index.php\/wp-json\/wp\/v2\/posts\/3154\/revisions"}],"predecessor-version":[{"id":3156,"href":"https:\/\/www.raulmayoral.es\/index.php\/wp-json\/wp\/v2\/posts\/3154\/revisions\/3156"}],"wp:featuredmedia":[{"embeddable":true,"href":"https:\/\/www.raulmayoral.es\/index.php\/wp-json\/wp\/v2\/media\/3155"}],"wp:attachment":[{"href":"https:\/\/www.raulmayoral.es\/index.php\/wp-json\/wp\/v2\/media?parent=3154"}],"wp:term":[{"taxonomy":"category","embeddable":true,"href":"https:\/\/www.raulmayoral.es\/index.php\/wp-json\/wp\/v2\/categories?post=3154"},{"taxonomy":"post_tag","embeddable":true,"href":"https:\/\/www.raulmayoral.es\/index.php\/wp-json\/wp\/v2\/tags?post=3154"}],"curies":[{"name":"wp","href":"https:\/\/api.w.org\/{rel}","templated":true}]}}