{"id":3157,"date":"2024-12-01T14:09:29","date_gmt":"2024-12-01T13:09:29","guid":{"rendered":"https:\/\/www.raulmayoral.es\/?p=3157"},"modified":"2025-12-01T08:22:42","modified_gmt":"2025-12-01T07:22:42","slug":"1-de-diciembre-san-eloy-558-660","status":"publish","type":"post","link":"https:\/\/www.raulmayoral.es\/index.php\/2024\/12\/01\/1-de-diciembre-san-eloy-558-660\/","title":{"rendered":"1 de diciembre. San Eloy (558-660)"},"content":{"rendered":"\n<p class=\"wp-block-paragraph\">Tambi\u00e9n conocido como <strong>Eligio<\/strong>, el lemos\u00edn, patr\u00f3n de orfebres, plateros, metal\u00fargicos y herradores. Lo suyo era el arte de los metales nobles en el que lleg\u00f3 a destacar como unos de los art\u00edfices m\u00e1s competentes de su \u00e9poca. Tambi\u00e9n fue orfebre de su propia vida, nombrado consejero de reyes, elegido obispo, haci\u00e9ndose famoso por su honradez, su piedad, su caridad y su af\u00e1n limosnero.<\/p>\n\n\n\n<p class=\"wp-block-paragraph\">En la monarqu\u00eda ruda y b\u00e1rbara de aquellos siglos oscuros, <strong>Eloy<\/strong> es una centelleante estampa dign\u00edsima e ins\u00f3lita. Trabajador de lo perdurable que convierte en belleza superior el oro y la pedrer\u00eda, la libertad y las almas. S\u00f3lo le atrae lo que no desaparece, lo que no se consume, y se dedica a realzarlo. Artesano de la santidad en tiempos turbulentos en los que reina la violencia.<\/p>\n\n\n\n<p class=\"wp-block-paragraph\">El exigente y fiel <strong>San Eloy <\/strong>supo guardar en palabras de <strong>San Juan Pablo II <\/strong> \u00abla proporci\u00f3n adecuada entre la belleza de las obras y la belleza de las almas\u00bb. Hizo bien su trabajo, sin regatear esfuerzos, sabiendo que s\u00f3lo una cosa es importante, aristocr\u00e1ticamente despreocupado de todo lo que no fuese la voluntad de Dios. <\/p>\n\n\n\n<p class=\"wp-block-paragraph\">Fuente: <em>La casa de los Santos. Un Santo para cada d\u00eda<\/em>. Carlos Pujol.<\/p>\n\n\n\n<p class=\"wp-block-paragraph\"><\/p>\n","protected":false},"excerpt":{"rendered":"<p>Tambi\u00e9n conocido como Eligio, el lemos\u00edn, patr\u00f3n de orfebres, plateros, metal\u00fargicos y herradores. Lo suyo era el arte de los metales nobles en el que lleg\u00f3 a destacar como unos de los art\u00edfices m\u00e1s competentes de su \u00e9poca. Tambi\u00e9n fue orfebre de su propia vida, nombrado consejero de reyes, elegido obispo, haci\u00e9ndose famoso por su [&hellip;]<\/p>\n","protected":false},"author":1,"featured_media":3158,"comment_status":"open","ping_status":"open","sticky":false,"template":"","format":"standard","meta":{"_crdt_document":"","om_disable_all_campaigns":false,"_monsterinsights_skip_tracking":false,"_monsterinsights_sitenote_active":false,"_monsterinsights_sitenote_note":"","_monsterinsights_sitenote_category":0,"_uf_show_specific_survey":0,"_uf_disable_surveys":false,"jetpack_post_was_ever_published":false,"_jetpack_newsletter_access":"","_jetpack_dont_email_post_to_subs":false,"_jetpack_newsletter_tier_id":0,"_jetpack_memberships_contains_paywalled_content":false,"_jetpack_memberships_contains_paid_content":false,"footnotes":"","jetpack_publicize_message":"","jetpack_publicize_feature_enabled":true,"jetpack_social_post_already_shared":false,"jetpack_social_options":{"image_generator_settings":{"template":"highway","enabled":false}}},"categories":[32],"tags":[],"class_list":["post-3157","post","type-post","status-publish","format-standard","has-post-thumbnail","hentry","category-santoral"],"aioseo_notices":[],"jetpack_publicize_connections":[],"jetpack_featured_media_url":"https:\/\/i0.wp.com\/www.raulmayoral.es\/wp-content\/uploads\/2024\/12\/1-diciembre.jpg?fit=357%2C141&ssl=1","jetpack-related-posts":[],"jetpack_sharing_enabled":true,"_links":{"self":[{"href":"https:\/\/www.raulmayoral.es\/index.php\/wp-json\/wp\/v2\/posts\/3157","targetHints":{"allow":["GET"]}}],"collection":[{"href":"https:\/\/www.raulmayoral.es\/index.php\/wp-json\/wp\/v2\/posts"}],"about":[{"href":"https:\/\/www.raulmayoral.es\/index.php\/wp-json\/wp\/v2\/types\/post"}],"author":[{"embeddable":true,"href":"https:\/\/www.raulmayoral.es\/index.php\/wp-json\/wp\/v2\/users\/1"}],"replies":[{"embeddable":true,"href":"https:\/\/www.raulmayoral.es\/index.php\/wp-json\/wp\/v2\/comments?post=3157"}],"version-history":[{"count":3,"href":"https:\/\/www.raulmayoral.es\/index.php\/wp-json\/wp\/v2\/posts\/3157\/revisions"}],"predecessor-version":[{"id":3449,"href":"https:\/\/www.raulmayoral.es\/index.php\/wp-json\/wp\/v2\/posts\/3157\/revisions\/3449"}],"wp:featuredmedia":[{"embeddable":true,"href":"https:\/\/www.raulmayoral.es\/index.php\/wp-json\/wp\/v2\/media\/3158"}],"wp:attachment":[{"href":"https:\/\/www.raulmayoral.es\/index.php\/wp-json\/wp\/v2\/media?parent=3157"}],"wp:term":[{"taxonomy":"category","embeddable":true,"href":"https:\/\/www.raulmayoral.es\/index.php\/wp-json\/wp\/v2\/categories?post=3157"},{"taxonomy":"post_tag","embeddable":true,"href":"https:\/\/www.raulmayoral.es\/index.php\/wp-json\/wp\/v2\/tags?post=3157"}],"curies":[{"name":"wp","href":"https:\/\/api.w.org\/{rel}","templated":true}]}}