{"id":3162,"date":"2024-12-02T07:16:14","date_gmt":"2024-12-02T06:16:14","guid":{"rendered":"https:\/\/www.raulmayoral.es\/?p=3162"},"modified":"2024-12-02T07:16:16","modified_gmt":"2024-12-02T06:16:16","slug":"2-de-diciembre-santa-bibiana-siglo-iv","status":"publish","type":"post","link":"https:\/\/www.raulmayoral.es\/index.php\/2024\/12\/02\/2-de-diciembre-santa-bibiana-siglo-iv\/","title":{"rendered":"2 de diciembre. Santa Bibiana (siglo IV)"},"content":{"rendered":"\n<p class=\"wp-block-paragraph\">En su leyenda, tard\u00eda y llena de desprop\u00f3sitos, que hace de <strong>Juliano el Ap\u00f3stata<\/strong> su verdugo, no hay mucho cre\u00edble, pero <strong>Bibiana<\/strong> s\u00ed existi\u00f3, y posiblemente tambi\u00e9n su hermana <strong>Demetria<\/strong> y su madre <strong>Dafrosa<\/strong>, cuyos restos se descubrieron en una excavaci\u00f3n junto a las reliquias de la santa en dos vasos de vidrio, y la Iglesia ha venerado desde hace siglos el recuerdo de esta m\u00e1rtir desconocida. <\/p>\n\n\n\n<p class=\"wp-block-paragraph\"><strong>Bernini<\/strong>, cumpliendo el encargo del infatigable <strong>Urbano VIII<\/strong>, la represent\u00f3 con los atributos de su martirio; la columna de la flagelaci\u00f3n, los azotes, la corona de m\u00e1rtir y una sonrisa angelical que asombra o desconcierta; es la felicidad en la muerte, o, mejor dicho, la felicidad entrevista por la fe m\u00e1s all\u00e1 de la muerte.<\/p>\n\n\n\n<p class=\"wp-block-paragraph\">Desconocida por la Historia, <strong>Santa Bibiana<\/strong> es bien conocida por <strong>Dios<\/strong>, y en \u00faltimo t\u00e9rmino todo un s\u00edmbolo de la verdad de los Santos; lo que sabemos de ellos, lo que es p\u00fablico y notorio, viene a ser una d\u00e9bil aproximaci\u00f3n m\u00e1s o menos aparatosa de lo que fueron, suficiente para convencernos de sus virtudes, pero que est\u00e1 muy lejos de la misteriosa vida de la santidad, cuya grandeza y secreto pertenecen tan s\u00f3lo a Dios, y no dejan huella en archivos, inscripciones ni testimonios.<\/p>\n\n\n\n<p class=\"wp-block-paragraph\">Fuente: <em>La casa de los Santos. Un Santo para cada d\u00eda<\/em>. Carlos Pujol.<\/p>\n","protected":false},"excerpt":{"rendered":"<p>En su leyenda, tard\u00eda y llena de desprop\u00f3sitos, que hace de Juliano el Ap\u00f3stata su verdugo, no hay mucho cre\u00edble, pero Bibiana s\u00ed existi\u00f3, y posiblemente tambi\u00e9n su hermana Demetria y su madre Dafrosa, cuyos restos se descubrieron en una excavaci\u00f3n junto a las reliquias de la santa en dos vasos de vidrio, y la [&hellip;]<\/p>\n","protected":false},"author":1,"featured_media":3163,"comment_status":"open","ping_status":"open","sticky":false,"template":"","format":"standard","meta":{"_crdt_document":"","om_disable_all_campaigns":false,"_monsterinsights_skip_tracking":false,"_monsterinsights_sitenote_active":false,"_monsterinsights_sitenote_note":"","_monsterinsights_sitenote_category":0,"_uf_show_specific_survey":0,"_uf_disable_surveys":false,"jetpack_post_was_ever_published":false,"_jetpack_newsletter_access":"","_jetpack_dont_email_post_to_subs":false,"_jetpack_newsletter_tier_id":0,"_jetpack_memberships_contains_paywalled_content":false,"_jetpack_memberships_contains_paid_content":false,"footnotes":"","jetpack_publicize_message":"","jetpack_publicize_feature_enabled":true,"jetpack_social_post_already_shared":false,"jetpack_social_options":{"image_generator_settings":{"template":"highway","enabled":false}}},"categories":[32],"tags":[],"class_list":["post-3162","post","type-post","status-publish","format-standard","has-post-thumbnail","hentry","category-santoral"],"aioseo_notices":[],"jetpack_publicize_connections":[],"jetpack_featured_media_url":"https:\/\/i0.wp.com\/www.raulmayoral.es\/wp-content\/uploads\/2024\/12\/2-diciembre.jpg?fit=690%2C504&ssl=1","jetpack-related-posts":[],"jetpack_sharing_enabled":true,"_links":{"self":[{"href":"https:\/\/www.raulmayoral.es\/index.php\/wp-json\/wp\/v2\/posts\/3162","targetHints":{"allow":["GET"]}}],"collection":[{"href":"https:\/\/www.raulmayoral.es\/index.php\/wp-json\/wp\/v2\/posts"}],"about":[{"href":"https:\/\/www.raulmayoral.es\/index.php\/wp-json\/wp\/v2\/types\/post"}],"author":[{"embeddable":true,"href":"https:\/\/www.raulmayoral.es\/index.php\/wp-json\/wp\/v2\/users\/1"}],"replies":[{"embeddable":true,"href":"https:\/\/www.raulmayoral.es\/index.php\/wp-json\/wp\/v2\/comments?post=3162"}],"version-history":[{"count":2,"href":"https:\/\/www.raulmayoral.es\/index.php\/wp-json\/wp\/v2\/posts\/3162\/revisions"}],"predecessor-version":[{"id":3165,"href":"https:\/\/www.raulmayoral.es\/index.php\/wp-json\/wp\/v2\/posts\/3162\/revisions\/3165"}],"wp:featuredmedia":[{"embeddable":true,"href":"https:\/\/www.raulmayoral.es\/index.php\/wp-json\/wp\/v2\/media\/3163"}],"wp:attachment":[{"href":"https:\/\/www.raulmayoral.es\/index.php\/wp-json\/wp\/v2\/media?parent=3162"}],"wp:term":[{"taxonomy":"category","embeddable":true,"href":"https:\/\/www.raulmayoral.es\/index.php\/wp-json\/wp\/v2\/categories?post=3162"},{"taxonomy":"post_tag","embeddable":true,"href":"https:\/\/www.raulmayoral.es\/index.php\/wp-json\/wp\/v2\/tags?post=3162"}],"curies":[{"name":"wp","href":"https:\/\/api.w.org\/{rel}","templated":true}]}}