{"id":3167,"date":"2024-12-03T07:34:32","date_gmt":"2024-12-03T06:34:32","guid":{"rendered":"https:\/\/www.raulmayoral.es\/?p=3167"},"modified":"2024-12-03T07:34:33","modified_gmt":"2024-12-03T06:34:33","slug":"3-de-diciembre-san-francisco-javier-1506-1552","status":"publish","type":"post","link":"https:\/\/www.raulmayoral.es\/index.php\/2024\/12\/03\/3-de-diciembre-san-francisco-javier-1506-1552\/","title":{"rendered":"3 de diciembre. San Francisco Javier (1506-1552)"},"content":{"rendered":"\n<p class=\"wp-block-paragraph\">Naci\u00f3 en los confines m\u00e1s solitarios e inaccesibles de Navarra, en un castillo almenado y de aire adusto, atenazado entre Espa\u00f1a y Francia. La suerte de las armas fue adversa a la noble familia de <strong>Javier <\/strong>y \u00e9ste march\u00f3 a Par\u00eds a adquirir ciencia. All\u00ed fue estudiante y luego maestro.<\/p>\n\n\n\n<p class=\"wp-block-paragraph\">Fue atra\u00eddo al embri\u00f3n de lo que iba a ser la Compa\u00f1\u00eda de Jes\u00fas. Su entusiasmo iba por delante de la prudencia del fundador. En Roma se desconsuela pensando que no se le ha elegido para la misi\u00f3n de Asia que ped\u00eda el rey de Portugal. Pero a \u00faltima hora, y debido a la enfermedad de un compa\u00f1ero, ser\u00e1 <strong>Francisco<\/strong> quien vaya a Goa, evangelice con su divina paciencia la India, recorra la isla de las especias, entra en el Jap\u00f3n y bautiza a miles de nuevos cristianos, casi en soledad, como un ap\u00f3stol sin freno, en los pocos a\u00f1os que le quedan hasta que muere, consumido de ansias y fiebre, a las puertas de China.<\/p>\n\n\n\n<p class=\"wp-block-paragraph\">Patr\u00f3n y modelo de misioneros, <strong>San Francisco Javier<\/strong> que naci\u00f3 encastillado es un viajero para quien el mundo es demasiado peque\u00f1o y el tiempo demasiado corto, su vida no ser\u00e1 nunca la defensa, sino la conquista para el imperio de <strong>Dios<\/strong>, y as\u00ed gana territorios inmensos y lejanos, ensanchando la Iglesia hasta que que el cansancio le mata en plena aventura de predicar a <strong>Cristo<\/strong>.<\/p>\n\n\n\n<p class=\"wp-block-paragraph\">Fuente: <em>La casa de los Santos. Un Santo para cada d\u00eda<\/em>. Carlos Pujol.    <\/p>\n","protected":false},"excerpt":{"rendered":"<p>Naci\u00f3 en los confines m\u00e1s solitarios e inaccesibles de Navarra, en un castillo almenado y de aire adusto, atenazado entre Espa\u00f1a y Francia. La suerte de las armas fue adversa a la noble familia de Javier y \u00e9ste march\u00f3 a Par\u00eds a adquirir ciencia. All\u00ed fue estudiante y luego maestro. Fue atra\u00eddo al embri\u00f3n de [&hellip;]<\/p>\n","protected":false},"author":1,"featured_media":3168,"comment_status":"open","ping_status":"open","sticky":false,"template":"","format":"standard","meta":{"_crdt_document":"","om_disable_all_campaigns":false,"_monsterinsights_skip_tracking":false,"_monsterinsights_sitenote_active":false,"_monsterinsights_sitenote_note":"","_monsterinsights_sitenote_category":0,"_uf_show_specific_survey":0,"_uf_disable_surveys":false,"jetpack_post_was_ever_published":false,"_jetpack_newsletter_access":"","_jetpack_dont_email_post_to_subs":false,"_jetpack_newsletter_tier_id":0,"_jetpack_memberships_contains_paywalled_content":false,"_jetpack_memberships_contains_paid_content":false,"footnotes":"","jetpack_publicize_message":"","jetpack_publicize_feature_enabled":true,"jetpack_social_post_already_shared":false,"jetpack_social_options":{"image_generator_settings":{"template":"highway","enabled":false}}},"categories":[32],"tags":[],"class_list":["post-3167","post","type-post","status-publish","format-standard","has-post-thumbnail","hentry","category-santoral"],"aioseo_notices":[],"jetpack_publicize_connections":[],"jetpack_featured_media_url":"https:\/\/i0.wp.com\/www.raulmayoral.es\/wp-content\/uploads\/2024\/12\/3-diciembre.jpg?fit=220%2C297&ssl=1","jetpack-related-posts":[],"jetpack_sharing_enabled":true,"_links":{"self":[{"href":"https:\/\/www.raulmayoral.es\/index.php\/wp-json\/wp\/v2\/posts\/3167","targetHints":{"allow":["GET"]}}],"collection":[{"href":"https:\/\/www.raulmayoral.es\/index.php\/wp-json\/wp\/v2\/posts"}],"about":[{"href":"https:\/\/www.raulmayoral.es\/index.php\/wp-json\/wp\/v2\/types\/post"}],"author":[{"embeddable":true,"href":"https:\/\/www.raulmayoral.es\/index.php\/wp-json\/wp\/v2\/users\/1"}],"replies":[{"embeddable":true,"href":"https:\/\/www.raulmayoral.es\/index.php\/wp-json\/wp\/v2\/comments?post=3167"}],"version-history":[{"count":1,"href":"https:\/\/www.raulmayoral.es\/index.php\/wp-json\/wp\/v2\/posts\/3167\/revisions"}],"predecessor-version":[{"id":3169,"href":"https:\/\/www.raulmayoral.es\/index.php\/wp-json\/wp\/v2\/posts\/3167\/revisions\/3169"}],"wp:featuredmedia":[{"embeddable":true,"href":"https:\/\/www.raulmayoral.es\/index.php\/wp-json\/wp\/v2\/media\/3168"}],"wp:attachment":[{"href":"https:\/\/www.raulmayoral.es\/index.php\/wp-json\/wp\/v2\/media?parent=3167"}],"wp:term":[{"taxonomy":"category","embeddable":true,"href":"https:\/\/www.raulmayoral.es\/index.php\/wp-json\/wp\/v2\/categories?post=3167"},{"taxonomy":"post_tag","embeddable":true,"href":"https:\/\/www.raulmayoral.es\/index.php\/wp-json\/wp\/v2\/tags?post=3167"}],"curies":[{"name":"wp","href":"https:\/\/api.w.org\/{rel}","templated":true}]}}