{"id":3192,"date":"2024-12-08T08:33:00","date_gmt":"2024-12-08T07:33:00","guid":{"rendered":"https:\/\/www.raulmayoral.es\/?p=3192"},"modified":"2024-12-08T20:20:26","modified_gmt":"2024-12-08T19:20:26","slug":"8-de-diciembre-la-inmaculada-concepcion","status":"publish","type":"post","link":"https:\/\/www.raulmayoral.es\/index.php\/2024\/12\/08\/8-de-diciembre-la-inmaculada-concepcion\/","title":{"rendered":"8 de diciembre. La Inmaculada Concepci\u00f3n."},"content":{"rendered":"\n<p class=\"wp-block-paragraph\">El dogma fue proclamado por <strong>P\u00edo IX <\/strong>el 8 de diciembre de 1854, pero los cristianos no hab\u00edan esperado la solemne definici\u00f3n para tener la certeza de que <strong>Dios<\/strong> hab\u00eda eximido de toda mancha a su Madre haci\u00e9ndola desde su concepci\u00f3n pur\u00edsima y, en palabras del arc\u00e1ngel al dirigirle el primer saludo \u00abllena de gracia\u00bb, rebosante de los dones del Alt\u00edsimo.<\/p>\n\n\n\n<p class=\"wp-block-paragraph\">Mientras los te\u00f3logos discut\u00edan, los artistas, sobre todo espa\u00f1oles, <strong>Murillo<\/strong>, <strong>Zurbar\u00e1n<\/strong>, <strong>Ribera<\/strong>, <strong>Vald\u00e9s Leal<\/strong>, <strong>Vel\u00e1zquez<\/strong>, pero tambi\u00e9n fuera de Espa\u00f1a, <strong>Rubens<\/strong>, <strong>Tiepolo<\/strong>, ponen ante los ojos la imagen simb\u00f3lica de la Inmaculada: t\u00fanica blanca y manto azul, coronada por doce estrellas, pisando con dominio la media luna y la serpiente sobre un fondo teatral de cielo y nubes. Los poetas no le van a la zaga, por ejemplo <strong>Crist\u00f3bal de Viru\u00e9s<\/strong>: \u00abUna doncella de perfecci\u00f3n hermosa, de claro sol vestida y adornada\u00bb.<\/p>\n\n\n\n<p class=\"wp-block-paragraph\">Este singular privilegio mariano est\u00e1 en el calendario como abriendo el ciclo de la Navidad en pleno adviento. La Pur\u00edsima se adelanta en este tiempo de diciembre como un signo maternal de la humana santidad que cabe en nuestra historia y precede a la fiesta de la primera mujer, <strong>Eva<\/strong>, el d\u00eda diecinueve, de la que es sublimaci\u00f3n y contrafigura. Eva es la pecadora madre de los vivientes, y la Virgen es la madre seg\u00fan el nuevo nacimiento por la gracia, del mismo linaje, pero hecha luz en medio de las contradicciones del mundo. <\/p>\n\n\n\n<p class=\"wp-block-paragraph\">Fuente: <em>La casa de los Santos. Un Santo para cada d\u00eda<\/em>. Carlos Pujol.<\/p>\n","protected":false},"excerpt":{"rendered":"<p>El dogma fue proclamado por P\u00edo IX el 8 de diciembre de 1854, pero los cristianos no hab\u00edan esperado la solemne definici\u00f3n para tener la certeza de que Dios hab\u00eda eximido de toda mancha a su Madre haci\u00e9ndola desde su concepci\u00f3n pur\u00edsima y, en palabras del arc\u00e1ngel al dirigirle el primer saludo \u00abllena de gracia\u00bb, [&hellip;]<\/p>\n","protected":false},"author":1,"featured_media":3193,"comment_status":"open","ping_status":"open","sticky":false,"template":"","format":"standard","meta":{"_crdt_document":"","om_disable_all_campaigns":false,"_monsterinsights_skip_tracking":false,"_monsterinsights_sitenote_active":false,"_monsterinsights_sitenote_note":"","_monsterinsights_sitenote_category":0,"_uf_show_specific_survey":0,"_uf_disable_surveys":false,"jetpack_post_was_ever_published":false,"_jetpack_newsletter_access":"","_jetpack_dont_email_post_to_subs":false,"_jetpack_newsletter_tier_id":0,"_jetpack_memberships_contains_paywalled_content":false,"_jetpack_memberships_contains_paid_content":false,"footnotes":"","jetpack_publicize_message":"","jetpack_publicize_feature_enabled":true,"jetpack_social_post_already_shared":true,"jetpack_social_options":{"image_generator_settings":{"template":"highway","enabled":false}}},"categories":[32],"tags":[],"class_list":["post-3192","post","type-post","status-publish","format-standard","has-post-thumbnail","hentry","category-santoral"],"aioseo_notices":[],"jetpack_publicize_connections":[],"jetpack_featured_media_url":"https:\/\/i0.wp.com\/www.raulmayoral.es\/wp-content\/uploads\/2024\/12\/8-diciembre.jpg?fit=650%2C957&ssl=1","jetpack-related-posts":[],"jetpack_sharing_enabled":true,"_links":{"self":[{"href":"https:\/\/www.raulmayoral.es\/index.php\/wp-json\/wp\/v2\/posts\/3192","targetHints":{"allow":["GET"]}}],"collection":[{"href":"https:\/\/www.raulmayoral.es\/index.php\/wp-json\/wp\/v2\/posts"}],"about":[{"href":"https:\/\/www.raulmayoral.es\/index.php\/wp-json\/wp\/v2\/types\/post"}],"author":[{"embeddable":true,"href":"https:\/\/www.raulmayoral.es\/index.php\/wp-json\/wp\/v2\/users\/1"}],"replies":[{"embeddable":true,"href":"https:\/\/www.raulmayoral.es\/index.php\/wp-json\/wp\/v2\/comments?post=3192"}],"version-history":[{"count":3,"href":"https:\/\/www.raulmayoral.es\/index.php\/wp-json\/wp\/v2\/posts\/3192\/revisions"}],"predecessor-version":[{"id":3206,"href":"https:\/\/www.raulmayoral.es\/index.php\/wp-json\/wp\/v2\/posts\/3192\/revisions\/3206"}],"wp:featuredmedia":[{"embeddable":true,"href":"https:\/\/www.raulmayoral.es\/index.php\/wp-json\/wp\/v2\/media\/3193"}],"wp:attachment":[{"href":"https:\/\/www.raulmayoral.es\/index.php\/wp-json\/wp\/v2\/media?parent=3192"}],"wp:term":[{"taxonomy":"category","embeddable":true,"href":"https:\/\/www.raulmayoral.es\/index.php\/wp-json\/wp\/v2\/categories?post=3192"},{"taxonomy":"post_tag","embeddable":true,"href":"https:\/\/www.raulmayoral.es\/index.php\/wp-json\/wp\/v2\/tags?post=3192"}],"curies":[{"name":"wp","href":"https:\/\/api.w.org\/{rel}","templated":true}]}}