{"id":3207,"date":"2024-12-25T07:07:58","date_gmt":"2024-12-25T06:07:58","guid":{"rendered":"https:\/\/www.raulmayoral.es\/?p=3207"},"modified":"2024-12-09T07:21:01","modified_gmt":"2024-12-09T06:21:01","slug":"25-de-diciembre-navidad","status":"publish","type":"post","link":"https:\/\/www.raulmayoral.es\/index.php\/2024\/12\/25\/25-de-diciembre-navidad\/","title":{"rendered":"25 de diciembre. Navidad"},"content":{"rendered":"\n<p class=\"wp-block-paragraph\">La fecha es convencional, en los primeros tiempos de la Iglesia se celebr\u00f3 en otros d\u00edas y s\u00f3lo hacia el siglo IV se fue fijando este 25 de diciembre para recubrir y santificar una celebraci\u00f3n pagana como era el solsticio de invierno. Poco importa no tener registros fiables para datar el nacimiento de<strong> Cristo<\/strong>, se trata de un lugar en la Historia que se vive por la fe y que sin ella no es nada.<\/p>\n\n\n\n<p class=\"wp-block-paragraph\">En la vida moderna se nos ha vaciado de sentido. La Navidad es la fiesta de los buenos sentimientos, de la barata emotividad, de la exaltaci\u00f3n de las fibras m\u00e1s sensibles del alma, de las h\u00famedas ternuras hogare\u00f1as. Aunque Navidad quiere decir nacimiento del Se\u00f1or, sin embargo, la mesa bien llena, el champ\u00e1n, los regalos de <strong>Pap\u00e1 Noel <\/strong>y el \u00e1rbol con luces nos quieren convencer de que es Navidad gracias a <strong>Dickens <\/strong>y a los grandes almacenes. <\/p>\n\n\n\n<p class=\"wp-block-paragraph\">El mundo actual no destruye, caricaturiza: en vez del amor a <strong>Dios<\/strong> que se hizo hombre para salvarnos, buenos sentimientos a plazo fijo; en vez del bel\u00e9n, que habla del Creador que se nos iguala en humildad y pobreza, el alborozo comprado con nuestro dinero. Pero en medio de tanta mascarada, la <strong>Virgen<\/strong>, <strong>San Jos\u00e9<\/strong> y el <strong>Ni\u00f1o <\/strong>en sus figurillas de barro son el alegre coraz\u00f3n del universo, que a pesar de todo es esperanza. Porque Dios sonr\u00ede por encima del tiempo, y su sonrisa es la gran fiesta que celebramos. <\/p>\n\n\n\n<p class=\"wp-block-paragraph\">Fuente: <em>La casa de los Santos. Un Santo para cada d\u00eda<\/em>. Carlos Pujol.<\/p>\n","protected":false},"excerpt":{"rendered":"<p>La fecha es convencional, en los primeros tiempos de la Iglesia se celebr\u00f3 en otros d\u00edas y s\u00f3lo hacia el siglo IV se fue fijando este 25 de diciembre para recubrir y santificar una celebraci\u00f3n pagana como era el solsticio de invierno. Poco importa no tener registros fiables para datar el nacimiento de Cristo, se [&hellip;]<\/p>\n","protected":false},"author":1,"featured_media":3208,"comment_status":"open","ping_status":"open","sticky":false,"template":"","format":"standard","meta":{"_crdt_document":"","om_disable_all_campaigns":false,"_monsterinsights_skip_tracking":false,"_monsterinsights_sitenote_active":false,"_monsterinsights_sitenote_note":"","_monsterinsights_sitenote_category":0,"_uf_show_specific_survey":0,"_uf_disable_surveys":false,"jetpack_post_was_ever_published":false,"_jetpack_newsletter_access":"","_jetpack_dont_email_post_to_subs":false,"_jetpack_newsletter_tier_id":0,"_jetpack_memberships_contains_paywalled_content":false,"_jetpack_memberships_contains_paid_content":false,"footnotes":"","jetpack_publicize_message":"","jetpack_publicize_feature_enabled":true,"jetpack_social_post_already_shared":true,"jetpack_social_options":{"image_generator_settings":{"template":"highway","enabled":false}}},"categories":[32],"tags":[],"class_list":["post-3207","post","type-post","status-publish","format-standard","has-post-thumbnail","hentry","category-santoral"],"aioseo_notices":[],"jetpack_publicize_connections":[],"jetpack_featured_media_url":"https:\/\/i0.wp.com\/www.raulmayoral.es\/wp-content\/uploads\/2024\/12\/25-diciembre.jpg?fit=1440%2C960&ssl=1","jetpack-related-posts":[],"jetpack_sharing_enabled":true,"_links":{"self":[{"href":"https:\/\/www.raulmayoral.es\/index.php\/wp-json\/wp\/v2\/posts\/3207","targetHints":{"allow":["GET"]}}],"collection":[{"href":"https:\/\/www.raulmayoral.es\/index.php\/wp-json\/wp\/v2\/posts"}],"about":[{"href":"https:\/\/www.raulmayoral.es\/index.php\/wp-json\/wp\/v2\/types\/post"}],"author":[{"embeddable":true,"href":"https:\/\/www.raulmayoral.es\/index.php\/wp-json\/wp\/v2\/users\/1"}],"replies":[{"embeddable":true,"href":"https:\/\/www.raulmayoral.es\/index.php\/wp-json\/wp\/v2\/comments?post=3207"}],"version-history":[{"count":2,"href":"https:\/\/www.raulmayoral.es\/index.php\/wp-json\/wp\/v2\/posts\/3207\/revisions"}],"predecessor-version":[{"id":3210,"href":"https:\/\/www.raulmayoral.es\/index.php\/wp-json\/wp\/v2\/posts\/3207\/revisions\/3210"}],"wp:featuredmedia":[{"embeddable":true,"href":"https:\/\/www.raulmayoral.es\/index.php\/wp-json\/wp\/v2\/media\/3208"}],"wp:attachment":[{"href":"https:\/\/www.raulmayoral.es\/index.php\/wp-json\/wp\/v2\/media?parent=3207"}],"wp:term":[{"taxonomy":"category","embeddable":true,"href":"https:\/\/www.raulmayoral.es\/index.php\/wp-json\/wp\/v2\/categories?post=3207"},{"taxonomy":"post_tag","embeddable":true,"href":"https:\/\/www.raulmayoral.es\/index.php\/wp-json\/wp\/v2\/tags?post=3207"}],"curies":[{"name":"wp","href":"https:\/\/api.w.org\/{rel}","templated":true}]}}