{"id":3211,"date":"2024-12-10T12:05:19","date_gmt":"2024-12-10T11:05:19","guid":{"rendered":"https:\/\/www.raulmayoral.es\/?p=3211"},"modified":"2024-12-10T12:05:20","modified_gmt":"2024-12-10T11:05:20","slug":"10-de-diciembre-santa-eulalia-de-merida-304","status":"publish","type":"post","link":"https:\/\/www.raulmayoral.es\/index.php\/2024\/12\/10\/10-de-diciembre-santa-eulalia-de-merida-304\/","title":{"rendered":"10 de diciembre. Santa Eulalia de M\u00e9rida (&#8230;-\u00bf304?)"},"content":{"rendered":"\n<p class=\"wp-block-paragraph\">La ni\u00f1a m\u00e1rtir de M\u00e9rida que a los doce a\u00f1os desaf\u00eda a los verdugos y con santa elocuencia (su nombre significa la bien hablada) dice: \u00ab\u00bfQu\u00e9 furia es la que os mueve a perseguir a <strong>Dios<\/strong>? Pero si est\u00e1is sedientos de sangre cristiana, aqu\u00ed me ten\u00e9is\u00bb. Las torturas destrozan su cuerpo y despu\u00e9s de morir una s\u00fabita nevada le sirve de sudario celestial.<\/p>\n\n\n\n<p class=\"wp-block-paragraph\">Muy pronto <strong>Prudencio<\/strong>, inspirado cantor, dedica a <strong>Eulalia<\/strong> un himno de su <em>Perist\u00e9fanon<\/em>: \u00abCortad las violetas p\u00farpuras, recoged los azafranes sangrientos, nuestros dulces inviernos tendr\u00e1n flores\u00bb. Desde M\u00e9rida su fama se extender\u00e1 por toda la pen\u00ednsula, sus reliquias son llevadas a Austria, y, lejos ya de tierras hisp\u00e1nicas, aparece en el cortejo de v\u00edrgenes de San Apolinar de R\u00e1vena; en \u00c1frica, <strong>San Agust\u00edn<\/strong> le dedica un paneg\u00edrico; entre los ingleses <strong>San Beda <\/strong>exalta su recuerdo; <strong>Venancio Fortunato <\/strong>compone un poema en su honor.  <\/p>\n\n\n\n<p class=\"wp-block-paragraph\">De <strong>Santa Eulalia de M\u00e9rida<\/strong>, la bien hablada, se habl\u00f3 mucho y bien en todo el mundo, el sacrificio de una ni\u00f1a en los confines de Espa\u00f1a reson\u00f3 en toda Europa; y todav\u00eda nos acordamos de su reto impetuoso a la muerte, que la visti\u00f3 de blanco como a un \u00e1ngel destruido por los garfios y el fuego.<\/p>\n\n\n\n<p class=\"wp-block-paragraph\">Fuente: <em>La casa de los Santos. Un Santo para cada d\u00eda<\/em>. Carlos Pujol.<\/p>\n","protected":false},"excerpt":{"rendered":"<p>La ni\u00f1a m\u00e1rtir de M\u00e9rida que a los doce a\u00f1os desaf\u00eda a los verdugos y con santa elocuencia (su nombre significa la bien hablada) dice: \u00ab\u00bfQu\u00e9 furia es la que os mueve a perseguir a Dios? Pero si est\u00e1is sedientos de sangre cristiana, aqu\u00ed me ten\u00e9is\u00bb. Las torturas destrozan su cuerpo y despu\u00e9s de morir [&hellip;]<\/p>\n","protected":false},"author":1,"featured_media":3212,"comment_status":"open","ping_status":"open","sticky":false,"template":"","format":"standard","meta":{"_crdt_document":"","om_disable_all_campaigns":false,"_monsterinsights_skip_tracking":false,"_monsterinsights_sitenote_active":false,"_monsterinsights_sitenote_note":"","_monsterinsights_sitenote_category":0,"_uf_show_specific_survey":0,"_uf_disable_surveys":false,"jetpack_post_was_ever_published":false,"_jetpack_newsletter_access":"","_jetpack_dont_email_post_to_subs":false,"_jetpack_newsletter_tier_id":0,"_jetpack_memberships_contains_paywalled_content":false,"_jetpack_memberships_contains_paid_content":false,"footnotes":"","jetpack_publicize_message":"","jetpack_publicize_feature_enabled":true,"jetpack_social_post_already_shared":false,"jetpack_social_options":{"image_generator_settings":{"template":"highway","enabled":false}}},"categories":[32],"tags":[],"class_list":["post-3211","post","type-post","status-publish","format-standard","has-post-thumbnail","hentry","category-santoral"],"aioseo_notices":[],"jetpack_publicize_connections":[],"jetpack_featured_media_url":"https:\/\/i0.wp.com\/www.raulmayoral.es\/wp-content\/uploads\/2024\/12\/10-diciembre.jpg?fit=690%2C1035&ssl=1","jetpack-related-posts":[],"jetpack_sharing_enabled":true,"_links":{"self":[{"href":"https:\/\/www.raulmayoral.es\/index.php\/wp-json\/wp\/v2\/posts\/3211","targetHints":{"allow":["GET"]}}],"collection":[{"href":"https:\/\/www.raulmayoral.es\/index.php\/wp-json\/wp\/v2\/posts"}],"about":[{"href":"https:\/\/www.raulmayoral.es\/index.php\/wp-json\/wp\/v2\/types\/post"}],"author":[{"embeddable":true,"href":"https:\/\/www.raulmayoral.es\/index.php\/wp-json\/wp\/v2\/users\/1"}],"replies":[{"embeddable":true,"href":"https:\/\/www.raulmayoral.es\/index.php\/wp-json\/wp\/v2\/comments?post=3211"}],"version-history":[{"count":1,"href":"https:\/\/www.raulmayoral.es\/index.php\/wp-json\/wp\/v2\/posts\/3211\/revisions"}],"predecessor-version":[{"id":3213,"href":"https:\/\/www.raulmayoral.es\/index.php\/wp-json\/wp\/v2\/posts\/3211\/revisions\/3213"}],"wp:featuredmedia":[{"embeddable":true,"href":"https:\/\/www.raulmayoral.es\/index.php\/wp-json\/wp\/v2\/media\/3212"}],"wp:attachment":[{"href":"https:\/\/www.raulmayoral.es\/index.php\/wp-json\/wp\/v2\/media?parent=3211"}],"wp:term":[{"taxonomy":"category","embeddable":true,"href":"https:\/\/www.raulmayoral.es\/index.php\/wp-json\/wp\/v2\/categories?post=3211"},{"taxonomy":"post_tag","embeddable":true,"href":"https:\/\/www.raulmayoral.es\/index.php\/wp-json\/wp\/v2\/tags?post=3211"}],"curies":[{"name":"wp","href":"https:\/\/api.w.org\/{rel}","templated":true}]}}