{"id":3222,"date":"2024-12-26T06:50:00","date_gmt":"2024-12-26T05:50:00","guid":{"rendered":"https:\/\/www.raulmayoral.es\/?p=3222"},"modified":"2025-12-26T13:09:05","modified_gmt":"2025-12-26T12:09:05","slug":"26-de-diciembre-san-esteban-siglo-i","status":"publish","type":"post","link":"https:\/\/www.raulmayoral.es\/index.php\/2024\/12\/26\/26-de-diciembre-san-esteban-siglo-i\/","title":{"rendered":"26 de diciembre. San Esteban (siglo I)"},"content":{"rendered":"\n<p class=\"wp-block-paragraph\">En los Hechos de los ap\u00f3stoles, \u00fanica fuente conocida, <strong>Esteban <\/strong>se nos aparece como activo, arrebatado y sin temores; cumple su misi\u00f3n de di\u00e1cono entre los jud\u00edos de lengua griega (deb\u00eda de serlo \u00e9l), predica desafiantemente la verdad y exacerba las pasiones s\u00f3lo con proclamarla. Su largo discurso, que <strong>San Lucas <\/strong>debi\u00f3 de conocer gracias a <strong>San Pablo<\/strong>, quien formaba parte del tribunal, es todo un reto.<\/p>\n\n\n\n<p class=\"wp-block-paragraph\">Pero en su muerte no hay ning\u00fan alarde, el hombre que inauguraba el martirologio no hace teatro, \u00absu rostro es como el de un \u00e1ngel\u00bb, s\u00f3lo piensa que a sus lapidadores no se les impute el crimen. Y guardando la ropa de aquella jaur\u00eda furiosa, que se hab\u00eda desembarazado de sus mantos y t\u00fanicas para tener m\u00e1s libertad de movimientos, para sentirse m\u00e1s c\u00f3modos matando, est\u00e1 el joven <strong>Saulo<\/strong>, que colabora de esta manera en castigar al blasfemo. \u00abSaulo aprobaba su muerte\u00bb (la Escritura no es blanda con nadie, ni con los grandes ap\u00f3stoles).<\/p>\n\n\n\n<p class=\"wp-block-paragraph\">Por Saulo, futuro perseguidor de la Iglesia, tambi\u00e9n ha pedido Esteban antes de morir, y qui\u00e9n duda que la plegaria de un m\u00e1rtir tiene fuerza incontenible; hubiesen podido convertirse algunos de los feroces jud\u00edos que le apedreaban, pero el Esp\u00edritu Santo eligi\u00f3 al ayudante de los verdugos, y la sangre de <strong>San Esteban<\/strong> dio como fruto la conversi\u00f3n del que luego ser\u00eda San Pablo.<\/p>\n\n\n\n<p class=\"wp-block-paragraph\">Fuente: <em>La casa de los Santos. Un Santo para cada d\u00eda<\/em>. Carlos Pujol.<\/p>\n","protected":false},"excerpt":{"rendered":"<p>En los Hechos de los ap\u00f3stoles, \u00fanica fuente conocida, Esteban se nos aparece como activo, arrebatado y sin temores; cumple su misi\u00f3n de di\u00e1cono entre los jud\u00edos de lengua griega (deb\u00eda de serlo \u00e9l), predica desafiantemente la verdad y exacerba las pasiones s\u00f3lo con proclamarla. Su largo discurso, que San Lucas debi\u00f3 de conocer gracias [&hellip;]<\/p>\n","protected":false},"author":1,"featured_media":3223,"comment_status":"open","ping_status":"open","sticky":false,"template":"","format":"standard","meta":{"_crdt_document":"","om_disable_all_campaigns":false,"_monsterinsights_skip_tracking":false,"_monsterinsights_sitenote_active":false,"_monsterinsights_sitenote_note":"","_monsterinsights_sitenote_category":0,"_uf_show_specific_survey":0,"_uf_disable_surveys":false,"jetpack_post_was_ever_published":false,"_jetpack_newsletter_access":"","_jetpack_dont_email_post_to_subs":false,"_jetpack_newsletter_tier_id":0,"_jetpack_memberships_contains_paywalled_content":false,"_jetpack_memberships_contains_paid_content":false,"footnotes":"","jetpack_publicize_message":"","jetpack_publicize_feature_enabled":true,"jetpack_social_post_already_shared":true,"jetpack_social_options":{"image_generator_settings":{"template":"highway","enabled":false}}},"categories":[32],"tags":[],"class_list":["post-3222","post","type-post","status-publish","format-standard","has-post-thumbnail","hentry","category-santoral"],"aioseo_notices":[],"jetpack_publicize_connections":[],"jetpack_featured_media_url":"https:\/\/i0.wp.com\/www.raulmayoral.es\/wp-content\/uploads\/2024\/12\/26-diciembre.jpg?fit=1449%2C1920&ssl=1","jetpack-related-posts":[],"jetpack_sharing_enabled":true,"_links":{"self":[{"href":"https:\/\/www.raulmayoral.es\/index.php\/wp-json\/wp\/v2\/posts\/3222","targetHints":{"allow":["GET"]}}],"collection":[{"href":"https:\/\/www.raulmayoral.es\/index.php\/wp-json\/wp\/v2\/posts"}],"about":[{"href":"https:\/\/www.raulmayoral.es\/index.php\/wp-json\/wp\/v2\/types\/post"}],"author":[{"embeddable":true,"href":"https:\/\/www.raulmayoral.es\/index.php\/wp-json\/wp\/v2\/users\/1"}],"replies":[{"embeddable":true,"href":"https:\/\/www.raulmayoral.es\/index.php\/wp-json\/wp\/v2\/comments?post=3222"}],"version-history":[{"count":2,"href":"https:\/\/www.raulmayoral.es\/index.php\/wp-json\/wp\/v2\/posts\/3222\/revisions"}],"predecessor-version":[{"id":3479,"href":"https:\/\/www.raulmayoral.es\/index.php\/wp-json\/wp\/v2\/posts\/3222\/revisions\/3479"}],"wp:featuredmedia":[{"embeddable":true,"href":"https:\/\/www.raulmayoral.es\/index.php\/wp-json\/wp\/v2\/media\/3223"}],"wp:attachment":[{"href":"https:\/\/www.raulmayoral.es\/index.php\/wp-json\/wp\/v2\/media?parent=3222"}],"wp:term":[{"taxonomy":"category","embeddable":true,"href":"https:\/\/www.raulmayoral.es\/index.php\/wp-json\/wp\/v2\/categories?post=3222"},{"taxonomy":"post_tag","embeddable":true,"href":"https:\/\/www.raulmayoral.es\/index.php\/wp-json\/wp\/v2\/tags?post=3222"}],"curies":[{"name":"wp","href":"https:\/\/api.w.org\/{rel}","templated":true}]}}