{"id":3261,"date":"2024-12-20T12:07:23","date_gmt":"2024-12-20T11:07:23","guid":{"rendered":"https:\/\/www.raulmayoral.es\/?p=3261"},"modified":"2024-12-20T12:09:53","modified_gmt":"2024-12-20T11:09:53","slug":"20-de-diciembre-santo-domingo-de-silos-1000-1073","status":"publish","type":"post","link":"https:\/\/www.raulmayoral.es\/index.php\/2024\/12\/20\/20-de-diciembre-santo-domingo-de-silos-1000-1073\/","title":{"rendered":"20 de diciembre. Santo Domingo de Silos (1000-1073)"},"content":{"rendered":"\n<p class=\"wp-block-paragraph\">Natural de Ca\u00f1as, un peque\u00f1o pueblo de la Rioja, cerca de N\u00e1jera, <strong>Domingo Manso<\/strong> fue pastor en su ni\u00f1ez, y luego se retir\u00f3 a hacer vida solitaria hasta pedir su admisi\u00f3n como monje benedictino en el monasterio de San Mill\u00e1n de la Cogolla. Fue m\u00e1s tarde elegido prior con gran contento de todos los monjes, nos cuenta <strong>Gonzalo de Berceo<\/strong>, su poeta, porque \u00abbeneita la grey que ha tal pastorciello\u00bb.<\/p>\n\n\n\n<p class=\"wp-block-paragraph\">Domingo ser\u00e1 el valiente defensor de los tesoros de San Mill\u00e1n amenazados por la codicia del rey don <strong>Garc\u00eda de Navarra<\/strong>, su actitud le vale el destierro, y en la Castilla de <strong>Fernando I<\/strong>, hacia el 1041, encuentra su nuevo y definitivo hogar, el monasterio de San Sebasti\u00e1n de Silos, que ahora lleva el nombre del restaurador, de la misma manera que <strong>Doming<\/strong>o ha pasado a la historia como el santo silense.<\/p>\n\n\n\n<p class=\"wp-block-paragraph\">\u00abAbad de santa vida, de bondad acabado\u00bb, as\u00ed le describe <strong>Berceo<\/strong>, convertir\u00e1 Silos en un gran foco de piedad, arte y cultura, y a\u00fan hoy el monasterio est\u00e1 lleno de recuerdos de su gran obra y de testimonios de sus milagros. Ante sus reliquias, muy veneradas, or\u00f3 mucha <strong>Juana de Aza<\/strong>, quien prometi\u00f3 dar el nombre del santo al hijo que iba a tener y ofrec\u00eda a Dios; \u00e9ste ser\u00eda <strong>Santo Domingo de Guzm\u00e1n<\/strong>, cuya fama ha eclipsado a la de su patr\u00f3n, llamado el Antiguo desde entonces.<\/p>\n\n\n\n<p class=\"wp-block-paragraph\">Fuente: <em>La casa de los Santos. Un Santo para cada d\u00eda<\/em>. Carlos Pujol.<\/p>\n","protected":false},"excerpt":{"rendered":"<p>Natural de Ca\u00f1as, un peque\u00f1o pueblo de la Rioja, cerca de N\u00e1jera, Domingo Manso fue pastor en su ni\u00f1ez, y luego se retir\u00f3 a hacer vida solitaria hasta pedir su admisi\u00f3n como monje benedictino en el monasterio de San Mill\u00e1n de la Cogolla. Fue m\u00e1s tarde elegido prior con gran contento de todos los monjes, [&hellip;]<\/p>\n","protected":false},"author":1,"featured_media":3262,"comment_status":"open","ping_status":"open","sticky":false,"template":"","format":"standard","meta":{"_crdt_document":"","om_disable_all_campaigns":false,"_monsterinsights_skip_tracking":false,"_monsterinsights_sitenote_active":false,"_monsterinsights_sitenote_note":"","_monsterinsights_sitenote_category":0,"_uf_show_specific_survey":0,"_uf_disable_surveys":false,"jetpack_post_was_ever_published":false,"_jetpack_newsletter_access":"","_jetpack_dont_email_post_to_subs":false,"_jetpack_newsletter_tier_id":0,"_jetpack_memberships_contains_paywalled_content":false,"_jetpack_memberships_contains_paid_content":false,"footnotes":"","jetpack_publicize_message":"","jetpack_publicize_feature_enabled":true,"jetpack_social_post_already_shared":false,"jetpack_social_options":{"image_generator_settings":{"template":"highway","enabled":false}}},"categories":[32],"tags":[],"class_list":["post-3261","post","type-post","status-publish","format-standard","has-post-thumbnail","hentry","category-santoral"],"aioseo_notices":[],"jetpack_publicize_connections":[],"jetpack_featured_media_url":"https:\/\/i0.wp.com\/www.raulmayoral.es\/wp-content\/uploads\/2024\/12\/20-diciembre.jpg?fit=389%2C450&ssl=1","jetpack-related-posts":[],"jetpack_sharing_enabled":true,"_links":{"self":[{"href":"https:\/\/www.raulmayoral.es\/index.php\/wp-json\/wp\/v2\/posts\/3261","targetHints":{"allow":["GET"]}}],"collection":[{"href":"https:\/\/www.raulmayoral.es\/index.php\/wp-json\/wp\/v2\/posts"}],"about":[{"href":"https:\/\/www.raulmayoral.es\/index.php\/wp-json\/wp\/v2\/types\/post"}],"author":[{"embeddable":true,"href":"https:\/\/www.raulmayoral.es\/index.php\/wp-json\/wp\/v2\/users\/1"}],"replies":[{"embeddable":true,"href":"https:\/\/www.raulmayoral.es\/index.php\/wp-json\/wp\/v2\/comments?post=3261"}],"version-history":[{"count":1,"href":"https:\/\/www.raulmayoral.es\/index.php\/wp-json\/wp\/v2\/posts\/3261\/revisions"}],"predecessor-version":[{"id":3263,"href":"https:\/\/www.raulmayoral.es\/index.php\/wp-json\/wp\/v2\/posts\/3261\/revisions\/3263"}],"wp:featuredmedia":[{"embeddable":true,"href":"https:\/\/www.raulmayoral.es\/index.php\/wp-json\/wp\/v2\/media\/3262"}],"wp:attachment":[{"href":"https:\/\/www.raulmayoral.es\/index.php\/wp-json\/wp\/v2\/media?parent=3261"}],"wp:term":[{"taxonomy":"category","embeddable":true,"href":"https:\/\/www.raulmayoral.es\/index.php\/wp-json\/wp\/v2\/categories?post=3261"},{"taxonomy":"post_tag","embeddable":true,"href":"https:\/\/www.raulmayoral.es\/index.php\/wp-json\/wp\/v2\/tags?post=3261"}],"curies":[{"name":"wp","href":"https:\/\/api.w.org\/{rel}","templated":true}]}}