{"id":3266,"date":"2024-12-27T17:57:44","date_gmt":"2024-12-27T16:57:44","guid":{"rendered":"https:\/\/www.raulmayoral.es\/?p=3266"},"modified":"2024-12-27T18:02:37","modified_gmt":"2024-12-27T17:02:37","slug":"27-de-diciembre-san-juan-evangelista-siglo-i","status":"publish","type":"post","link":"https:\/\/www.raulmayoral.es\/index.php\/2024\/12\/27\/27-de-diciembre-san-juan-evangelista-siglo-i\/","title":{"rendered":"27 de diciembre. San Juan Evangelista (Siglo I)."},"content":{"rendered":"\n<p class=\"wp-block-paragraph\">Uno de los doce elegidos, pescador como la mayor\u00eda de ellos, hermano de <strong>Santiago<\/strong> y uno de los pocos que asisten a la Transfiguraci\u00f3n, como tambi\u00e9n uno de los que permanecen al lado de <strong>Jes\u00fas <\/strong>en la noche de Getseman\u00ed. Es <strong>Juan<\/strong>, disc\u00edpulo predilecto, a quien desde la cruz, <strong>Jesucristo <\/strong>conf\u00eda a la Virgen <strong>Maria<\/strong>, personificando en Juan toda la humanidad, y es el ap\u00f3stol recostado sobre el pecho del Hombre <strong>Dios<\/strong> en la \u00faltima cena. Es \u00abaqu\u00e9l a quien amaba Jes\u00fas\u00bb, escueta frase que no ha dejado de conmover a los creyentes. \u00bfPor qu\u00e9 \u00e9l y no <strong>Pedro<\/strong>, por ejemplo, a quien entregar\u00eda las llaves del Reino, u otro de los suyos?<\/p>\n\n\n\n<p class=\"wp-block-paragraph\">Citas evang\u00e9licas aluden a Juan como en\u00e9rgico e impaciente, de gran longevidad, se le supone vivo hacia el a\u00f1o cien, con lo cual debi\u00f3 de ser el superviviente del colegio apost\u00f3lico, ellos nos da una imagen de anciano venerable y barbudo que en las soledades de su exilio en la isla de Patmos tiene las visiones del Apocalipsis y escribe el cuarto evangelio.<\/p>\n\n\n\n<p class=\"wp-block-paragraph\"><strong>San Juan,<\/strong> \u00e1guila de la teolog\u00eda, es quien m\u00e1s profundiza en la verdad porque am\u00f3 m\u00e1s al Se\u00f1or, como fue el m\u00e1s amado por \u00c9l. De dos hombres se dice en los evangelios que Jes\u00fas les amaba: de <strong>L\u00e1zaro<\/strong>, a quien rescat\u00f3 de la muerte, y de Juan, a quien dio larga vida y las luces m\u00e1s altas para escribir sobre la salvaci\u00f3n.<\/p>\n\n\n\n<p class=\"wp-block-paragraph\">Fuente: <em>La casa de los Santos. Un Santo para cada d\u00eda<\/em>. Carlos Pujol.<\/p>\n","protected":false},"excerpt":{"rendered":"<p>Uno de los doce elegidos, pescador como la mayor\u00eda de ellos, hermano de Santiago y uno de los pocos que asisten a la Transfiguraci\u00f3n, como tambi\u00e9n uno de los que permanecen al lado de Jes\u00fas en la noche de Getseman\u00ed. Es Juan, disc\u00edpulo predilecto, a quien desde la cruz, Jesucristo conf\u00eda a la Virgen Maria, [&hellip;]<\/p>\n","protected":false},"author":1,"featured_media":3267,"comment_status":"open","ping_status":"open","sticky":false,"template":"","format":"standard","meta":{"_crdt_document":"","om_disable_all_campaigns":false,"_monsterinsights_skip_tracking":false,"_monsterinsights_sitenote_active":false,"_monsterinsights_sitenote_note":"","_monsterinsights_sitenote_category":0,"_uf_show_specific_survey":0,"_uf_disable_surveys":false,"jetpack_post_was_ever_published":false,"_jetpack_newsletter_access":"","_jetpack_dont_email_post_to_subs":false,"_jetpack_newsletter_tier_id":0,"_jetpack_memberships_contains_paywalled_content":false,"_jetpack_memberships_contains_paid_content":false,"footnotes":"","jetpack_publicize_message":"","jetpack_publicize_feature_enabled":true,"jetpack_social_post_already_shared":false,"jetpack_social_options":{"image_generator_settings":{"template":"highway","enabled":false}}},"categories":[32],"tags":[],"class_list":["post-3266","post","type-post","status-publish","format-standard","has-post-thumbnail","hentry","category-santoral"],"aioseo_notices":[],"jetpack_publicize_connections":[],"jetpack_featured_media_url":"https:\/\/i0.wp.com\/www.raulmayoral.es\/wp-content\/uploads\/2024\/12\/27-diciembre.jpg?fit=960%2C1585&ssl=1","jetpack-related-posts":[],"jetpack_sharing_enabled":true,"_links":{"self":[{"href":"https:\/\/www.raulmayoral.es\/index.php\/wp-json\/wp\/v2\/posts\/3266","targetHints":{"allow":["GET"]}}],"collection":[{"href":"https:\/\/www.raulmayoral.es\/index.php\/wp-json\/wp\/v2\/posts"}],"about":[{"href":"https:\/\/www.raulmayoral.es\/index.php\/wp-json\/wp\/v2\/types\/post"}],"author":[{"embeddable":true,"href":"https:\/\/www.raulmayoral.es\/index.php\/wp-json\/wp\/v2\/users\/1"}],"replies":[{"embeddable":true,"href":"https:\/\/www.raulmayoral.es\/index.php\/wp-json\/wp\/v2\/comments?post=3266"}],"version-history":[{"count":2,"href":"https:\/\/www.raulmayoral.es\/index.php\/wp-json\/wp\/v2\/posts\/3266\/revisions"}],"predecessor-version":[{"id":3270,"href":"https:\/\/www.raulmayoral.es\/index.php\/wp-json\/wp\/v2\/posts\/3266\/revisions\/3270"}],"wp:featuredmedia":[{"embeddable":true,"href":"https:\/\/www.raulmayoral.es\/index.php\/wp-json\/wp\/v2\/media\/3267"}],"wp:attachment":[{"href":"https:\/\/www.raulmayoral.es\/index.php\/wp-json\/wp\/v2\/media?parent=3266"}],"wp:term":[{"taxonomy":"category","embeddable":true,"href":"https:\/\/www.raulmayoral.es\/index.php\/wp-json\/wp\/v2\/categories?post=3266"},{"taxonomy":"post_tag","embeddable":true,"href":"https:\/\/www.raulmayoral.es\/index.php\/wp-json\/wp\/v2\/tags?post=3266"}],"curies":[{"name":"wp","href":"https:\/\/api.w.org\/{rel}","templated":true}]}}