{"id":3275,"date":"2024-12-29T11:42:00","date_gmt":"2024-12-29T10:42:00","guid":{"rendered":"https:\/\/www.raulmayoral.es\/?p=3275"},"modified":"2024-12-29T11:42:02","modified_gmt":"2024-12-29T10:42:02","slug":"29-de-diciembre-santo-tomas-becket-1118-1170","status":"publish","type":"post","link":"https:\/\/www.raulmayoral.es\/index.php\/2024\/12\/29\/29-de-diciembre-santo-tomas-becket-1118-1170\/","title":{"rendered":"29 de diciembre. Santo Tom\u00e1s Becket (1118-1170)"},"content":{"rendered":"\n<p class=\"wp-block-paragraph\">El glorioso obispo <strong>Tom\u00e1s<\/strong> cay\u00f3 herido de muerte por las espadas de los imp\u00edos. Martirio y crimen de estado, como ocurrir\u00eda cuatro siglos m\u00e1s tarde con otro <strong>Tom\u00e1s<\/strong> ingl\u00e9s, y la semejanza entre ambos no pas\u00f3 inadvertida a <strong>Enrique VIII<\/strong>, quien despu\u00e9s de decapitar a <strong>Tom\u00e1s Moro<\/strong> dispuso que las cenizas de <strong>Becket <\/strong>fueran arrojadas al T\u00e1mesis.<\/p>\n\n\n\n<p class=\"wp-block-paragraph\">La fama de <strong>Tom\u00e1s Becket <\/strong>era excesiva para que se olvidase f\u00e1cilmente: canonizado s\u00f3lo tres a\u00f1os despu\u00e9s de morir, su sepulcro en Canterbury fue centro de peregrinaciones durante toda la Edad Media, y su culto se extendi\u00f3 con una rapidez inaudita por Europa. Incluso tras la Reforma, los ingleses nunca dejaron de admirar a ese m\u00e1rtir tan ingl\u00e9s, en el cual se reconoc\u00edan, tan impasible, tan gallardo, tan testarudo hasta dar la vida por la causa que hab\u00eda abrazado.<\/p>\n\n\n\n<p class=\"wp-block-paragraph\">\u00bfQu\u00e9 causa? La defensa de los derechos de la Iglesia frente a los abusos reales; lo que se ventilaba era la pugna entre <strong>Enrique II de Plantagenet<\/strong> y su canciller y luego arzobispo de Canterbury. No era tanto una cuesti\u00f3n de intereses como del honor de <strong>Dios<\/strong>. Y por el honor de Dios, por su Gloria, <strong>Santo Tom\u00e1s Becket<\/strong> fue asesinado en la catedral de Canterbury por unos caballeros \u00bfesbirros? del rey. \u00abMuero gustoso por el nombre de<strong> Jes\u00fas<\/strong> y en defensa de la Iglesia\u00bb, fueron sus ultimas palabras, sabiendo que \u00abel destino reposa en las manos de Dios, no en las manos de los que gobiernan\u00bb.<\/p>\n\n\n\n<p class=\"wp-block-paragraph\">Fuente: <em>La casa de los Santos. Un Santo para cada d\u00eda<\/em>. Carlos Pujol. <\/p>\n","protected":false},"excerpt":{"rendered":"<p>El glorioso obispo Tom\u00e1s cay\u00f3 herido de muerte por las espadas de los imp\u00edos. Martirio y crimen de estado, como ocurrir\u00eda cuatro siglos m\u00e1s tarde con otro Tom\u00e1s ingl\u00e9s, y la semejanza entre ambos no pas\u00f3 inadvertida a Enrique VIII, quien despu\u00e9s de decapitar a Tom\u00e1s Moro dispuso que las cenizas de Becket fueran arrojadas [&hellip;]<\/p>\n","protected":false},"author":1,"featured_media":3276,"comment_status":"open","ping_status":"open","sticky":false,"template":"","format":"standard","meta":{"_crdt_document":"","om_disable_all_campaigns":false,"_monsterinsights_skip_tracking":false,"_monsterinsights_sitenote_active":false,"_monsterinsights_sitenote_note":"","_monsterinsights_sitenote_category":0,"_uf_show_specific_survey":0,"_uf_disable_surveys":false,"jetpack_post_was_ever_published":false,"_jetpack_newsletter_access":"","_jetpack_dont_email_post_to_subs":false,"_jetpack_newsletter_tier_id":0,"_jetpack_memberships_contains_paywalled_content":false,"_jetpack_memberships_contains_paid_content":false,"footnotes":"","jetpack_publicize_message":"","jetpack_publicize_feature_enabled":true,"jetpack_social_post_already_shared":false,"jetpack_social_options":{"image_generator_settings":{"template":"highway","enabled":false}}},"categories":[32],"tags":[],"class_list":["post-3275","post","type-post","status-publish","format-standard","has-post-thumbnail","hentry","category-santoral"],"aioseo_notices":[],"jetpack_publicize_connections":[],"jetpack_featured_media_url":"https:\/\/i0.wp.com\/www.raulmayoral.es\/wp-content\/uploads\/2024\/12\/29-diciembre.png?fit=500%2C200&ssl=1","jetpack-related-posts":[],"jetpack_sharing_enabled":true,"_links":{"self":[{"href":"https:\/\/www.raulmayoral.es\/index.php\/wp-json\/wp\/v2\/posts\/3275","targetHints":{"allow":["GET"]}}],"collection":[{"href":"https:\/\/www.raulmayoral.es\/index.php\/wp-json\/wp\/v2\/posts"}],"about":[{"href":"https:\/\/www.raulmayoral.es\/index.php\/wp-json\/wp\/v2\/types\/post"}],"author":[{"embeddable":true,"href":"https:\/\/www.raulmayoral.es\/index.php\/wp-json\/wp\/v2\/users\/1"}],"replies":[{"embeddable":true,"href":"https:\/\/www.raulmayoral.es\/index.php\/wp-json\/wp\/v2\/comments?post=3275"}],"version-history":[{"count":1,"href":"https:\/\/www.raulmayoral.es\/index.php\/wp-json\/wp\/v2\/posts\/3275\/revisions"}],"predecessor-version":[{"id":3277,"href":"https:\/\/www.raulmayoral.es\/index.php\/wp-json\/wp\/v2\/posts\/3275\/revisions\/3277"}],"wp:featuredmedia":[{"embeddable":true,"href":"https:\/\/www.raulmayoral.es\/index.php\/wp-json\/wp\/v2\/media\/3276"}],"wp:attachment":[{"href":"https:\/\/www.raulmayoral.es\/index.php\/wp-json\/wp\/v2\/media?parent=3275"}],"wp:term":[{"taxonomy":"category","embeddable":true,"href":"https:\/\/www.raulmayoral.es\/index.php\/wp-json\/wp\/v2\/categories?post=3275"},{"taxonomy":"post_tag","embeddable":true,"href":"https:\/\/www.raulmayoral.es\/index.php\/wp-json\/wp\/v2\/tags?post=3275"}],"curies":[{"name":"wp","href":"https:\/\/api.w.org\/{rel}","templated":true}]}}