{"id":3278,"date":"2024-12-30T10:39:55","date_gmt":"2024-12-30T09:39:55","guid":{"rendered":"https:\/\/www.raulmayoral.es\/?p=3278"},"modified":"2024-12-30T10:39:56","modified_gmt":"2024-12-30T09:39:56","slug":"30-de-diciembre-traslacion-de-santiago","status":"publish","type":"post","link":"https:\/\/www.raulmayoral.es\/index.php\/2024\/12\/30\/30-de-diciembre-traslacion-de-santiago\/","title":{"rendered":"30 de diciembre. Traslaci\u00f3n de Santiago."},"content":{"rendered":"\n<p class=\"wp-block-paragraph\">El fogoso <strong>Santiago<\/strong> tiene su fiesta en julio, pero tambi\u00e9n est\u00e1 presente en los g\u00e9lidos d\u00edas de fin de a\u00f1o con el recuerdo de una leyenda espa\u00f1ola adherida a la misma historia de Espa\u00f1a. Despu\u00e9s de morir, Santiago gana una batalla de evangelizaci\u00f3n en la extremidad del mundo conocido, junto al Finisterre y entre gentes no poco extremosas. Santiago no se conforma con  descansar tras los afanes de su vida y de su martirio, y desde el puerto de Jaffa, sus restos viajan por mar mientras sus disc\u00edpulos suplican afectuosamente al Se\u00f1or que los gu\u00ede y enderece a aquella parte donde quer\u00eda que el santo ap\u00f3stol, peregrino y caballero, fuese sepultado. <\/p>\n\n\n\n<p class=\"wp-block-paragraph\">El nav\u00edo llega a la costa de Espa\u00f1a y entrando por el estrecho de Gibraltar y rodeando sus dos lados de Oriente y mediod\u00eda, finalmente arrib\u00f3 a Galicia, a la ciudad de Iria Flavia, que hoy se llama Padr\u00f3n. De all\u00ed fue llevado el santo cuerpo a donde ahora es Compostela, depositado en un arca o sepulcro de m\u00e1rmol donde estuvo cubierto por m\u00e1s de quinientos a\u00f1os hasta que en tiempo del rey <strong>Alfonso el Casto<\/strong>, <strong>Dios<\/strong> le revel\u00f3 por medio de muchas luces. En aquel \u00abcampo de estrellas\u00bb compostelano, en la segunda d\u00e9cada del siglo IX, <strong>Teodomiro<\/strong>, obispo de Iria Flavia, descubre el sepulcro, siendo \u00e9ste el origen de la bas\u00edlica actual, de la ciudad y del camino santiagu\u00e9s por el que durante siglos peregrinaron gentes venidas de todos los confines de Europa. <\/p>\n\n\n\n<p class=\"wp-block-paragraph\">Luego comenz\u00f3 el santo ap\u00f3stol a mostrar a los espa\u00f1oles su favor en las batallas que tuvieron que librar contra los moros, y diversas veces fue visto armado de todas armas ir en vanguardia de los escuadrones de cristianos y pelear con fuerzas del Cielo hasta desbaratar los ej\u00e9rcitos de los b\u00e1rbaros y lograr gloriosa victoria. No es Santiago un santo apacible, tal vez por ello se encomend\u00f3 a la devoci\u00f3n de los espa\u00f1oles. <\/p>\n\n\n\n<p class=\"wp-block-paragraph\">Fuente: <em>La casa de los Santos. Un Santo para cada d\u00eda<\/em>. Carlos Pujol.<\/p>\n\n\n\n<p class=\"wp-block-paragraph\"><\/p>\n","protected":false},"excerpt":{"rendered":"<p>El fogoso Santiago tiene su fiesta en julio, pero tambi\u00e9n est\u00e1 presente en los g\u00e9lidos d\u00edas de fin de a\u00f1o con el recuerdo de una leyenda espa\u00f1ola adherida a la misma historia de Espa\u00f1a. Despu\u00e9s de morir, Santiago gana una batalla de evangelizaci\u00f3n en la extremidad del mundo conocido, junto al Finisterre y entre gentes [&hellip;]<\/p>\n","protected":false},"author":1,"featured_media":3279,"comment_status":"open","ping_status":"open","sticky":false,"template":"","format":"standard","meta":{"_crdt_document":"","om_disable_all_campaigns":false,"_monsterinsights_skip_tracking":false,"_monsterinsights_sitenote_active":false,"_monsterinsights_sitenote_note":"","_monsterinsights_sitenote_category":0,"_uf_show_specific_survey":0,"_uf_disable_surveys":false,"jetpack_post_was_ever_published":false,"_jetpack_newsletter_access":"","_jetpack_dont_email_post_to_subs":false,"_jetpack_newsletter_tier_id":0,"_jetpack_memberships_contains_paywalled_content":false,"_jetpack_memberships_contains_paid_content":false,"footnotes":"","jetpack_publicize_message":"","jetpack_publicize_feature_enabled":true,"jetpack_social_post_already_shared":false,"jetpack_social_options":{"image_generator_settings":{"template":"highway","enabled":false}}},"categories":[32],"tags":[],"class_list":["post-3278","post","type-post","status-publish","format-standard","has-post-thumbnail","hentry","category-santoral"],"aioseo_notices":[],"jetpack_publicize_connections":[],"jetpack_featured_media_url":"https:\/\/i0.wp.com\/www.raulmayoral.es\/wp-content\/uploads\/2024\/12\/30-diciembre.jpg?fit=318%2C389&ssl=1","jetpack-related-posts":[],"jetpack_sharing_enabled":true,"_links":{"self":[{"href":"https:\/\/www.raulmayoral.es\/index.php\/wp-json\/wp\/v2\/posts\/3278","targetHints":{"allow":["GET"]}}],"collection":[{"href":"https:\/\/www.raulmayoral.es\/index.php\/wp-json\/wp\/v2\/posts"}],"about":[{"href":"https:\/\/www.raulmayoral.es\/index.php\/wp-json\/wp\/v2\/types\/post"}],"author":[{"embeddable":true,"href":"https:\/\/www.raulmayoral.es\/index.php\/wp-json\/wp\/v2\/users\/1"}],"replies":[{"embeddable":true,"href":"https:\/\/www.raulmayoral.es\/index.php\/wp-json\/wp\/v2\/comments?post=3278"}],"version-history":[{"count":1,"href":"https:\/\/www.raulmayoral.es\/index.php\/wp-json\/wp\/v2\/posts\/3278\/revisions"}],"predecessor-version":[{"id":3280,"href":"https:\/\/www.raulmayoral.es\/index.php\/wp-json\/wp\/v2\/posts\/3278\/revisions\/3280"}],"wp:featuredmedia":[{"embeddable":true,"href":"https:\/\/www.raulmayoral.es\/index.php\/wp-json\/wp\/v2\/media\/3279"}],"wp:attachment":[{"href":"https:\/\/www.raulmayoral.es\/index.php\/wp-json\/wp\/v2\/media?parent=3278"}],"wp:term":[{"taxonomy":"category","embeddable":true,"href":"https:\/\/www.raulmayoral.es\/index.php\/wp-json\/wp\/v2\/categories?post=3278"},{"taxonomy":"post_tag","embeddable":true,"href":"https:\/\/www.raulmayoral.es\/index.php\/wp-json\/wp\/v2\/tags?post=3278"}],"curies":[{"name":"wp","href":"https:\/\/api.w.org\/{rel}","templated":true}]}}