{"id":3281,"date":"2024-12-31T07:52:00","date_gmt":"2024-12-31T06:52:00","guid":{"rendered":"https:\/\/www.raulmayoral.es\/?p=3281"},"modified":"2024-12-30T11:09:13","modified_gmt":"2024-12-30T10:09:13","slug":"31-de-diciembre-san-silvestre-335","status":"publish","type":"post","link":"https:\/\/www.raulmayoral.es\/index.php\/2024\/12\/31\/31-de-diciembre-san-silvestre-335\/","title":{"rendered":"31 de diciembre. San Silvestre (&#8230;-335)"},"content":{"rendered":"\n<p class=\"wp-block-paragraph\">Es el remate del santoral, el \u00faltimo d\u00eda, el cierre de la corona, Papa venerable y barbado al que vemos con el hier\u00e1tico rostro convencional con que aparece en el fresco de los Cuatros Santos Coronados en Roma, o en la bella representaci\u00f3n del vitral de Chartres. <\/p>\n\n\n\n<p class=\"wp-block-paragraph\">Constructor de muchas iglesias, por lo que es patr\u00f3n de alba\u00f1iles y canteros, cicatriz\u00f3 heridas de las persecuciones todav\u00eda muy recientes, asentando la paz, cristianizando Roma, tal y como nos lo muestra la leyenda seg\u00fan la cual sell\u00f3 las fauces de un drag\u00f3n que moraba en una gruta del Capitolio. Se dice que bautiz\u00f3 al emperador <strong>Constantino <\/strong>tras sanarle de la lepra. <\/p>\n\n\n\n<p class=\"wp-block-paragraph\">Pero hoy queremos verle seg\u00fan su posici\u00f3n extrema en el calendario, resumiendo toda la santidad y la experiencia del a\u00f1o, plet\u00f3rico de nombres gloriosos, derramando una mirada cristiana sobre el paganismo de estas fiestas. <strong>San Silvestre<\/strong> nos valga, porque si la Iglesia de su \u00e9poca cristianiz\u00f3 el mundo pagano, el mundo moderno ha paganizado la cristiandad. Triunfos los nuestros provisionales y fr\u00e1giles, San Silvestre hoy abre los brazos para bendecir la rueda de los d\u00edas, que ma\u00f1ana seguir\u00e1 girando con otro guarismo, bajo la providencia de <strong>Dios<\/strong> que cuida del tiempo, en espera de ser desechado como un juguete inservible ya para la plenitud de su amor. <\/p>\n\n\n\n<p class=\"wp-block-paragraph\">Fuente: <em>La casa de los Santos. Un Santo para cada d\u00eda<\/em>. Carlos Pujol. <\/p>\n\n\n\n<p class=\"wp-block-paragraph\">P.D. Feliz y pr\u00f3spero a\u00f1o nuevo para mis fieles y entra\u00f1ables lectores.<\/p>\n","protected":false},"excerpt":{"rendered":"<p>Es el remate del santoral, el \u00faltimo d\u00eda, el cierre de la corona, Papa venerable y barbado al que vemos con el hier\u00e1tico rostro convencional con que aparece en el fresco de los Cuatros Santos Coronados en Roma, o en la bella representaci\u00f3n del vitral de Chartres. Constructor de muchas iglesias, por lo que es [&hellip;]<\/p>\n","protected":false},"author":1,"featured_media":3282,"comment_status":"open","ping_status":"open","sticky":false,"template":"","format":"standard","meta":{"_crdt_document":"","om_disable_all_campaigns":false,"_monsterinsights_skip_tracking":false,"_monsterinsights_sitenote_active":false,"_monsterinsights_sitenote_note":"","_monsterinsights_sitenote_category":0,"_uf_show_specific_survey":0,"_uf_disable_surveys":false,"jetpack_post_was_ever_published":false,"_jetpack_newsletter_access":"","_jetpack_dont_email_post_to_subs":false,"_jetpack_newsletter_tier_id":0,"_jetpack_memberships_contains_paywalled_content":false,"_jetpack_memberships_contains_paid_content":false,"footnotes":"","jetpack_publicize_message":"","jetpack_publicize_feature_enabled":true,"jetpack_social_post_already_shared":true,"jetpack_social_options":{"image_generator_settings":{"template":"highway","enabled":false}}},"categories":[32],"tags":[],"class_list":["post-3281","post","type-post","status-publish","format-standard","has-post-thumbnail","hentry","category-santoral"],"aioseo_notices":[],"jetpack_publicize_connections":[],"jetpack_featured_media_url":"https:\/\/i0.wp.com\/www.raulmayoral.es\/wp-content\/uploads\/2024\/12\/31-diciembre.jpg?fit=1000%2C905&ssl=1","jetpack-related-posts":[],"jetpack_sharing_enabled":true,"_links":{"self":[{"href":"https:\/\/www.raulmayoral.es\/index.php\/wp-json\/wp\/v2\/posts\/3281","targetHints":{"allow":["GET"]}}],"collection":[{"href":"https:\/\/www.raulmayoral.es\/index.php\/wp-json\/wp\/v2\/posts"}],"about":[{"href":"https:\/\/www.raulmayoral.es\/index.php\/wp-json\/wp\/v2\/types\/post"}],"author":[{"embeddable":true,"href":"https:\/\/www.raulmayoral.es\/index.php\/wp-json\/wp\/v2\/users\/1"}],"replies":[{"embeddable":true,"href":"https:\/\/www.raulmayoral.es\/index.php\/wp-json\/wp\/v2\/comments?post=3281"}],"version-history":[{"count":1,"href":"https:\/\/www.raulmayoral.es\/index.php\/wp-json\/wp\/v2\/posts\/3281\/revisions"}],"predecessor-version":[{"id":3283,"href":"https:\/\/www.raulmayoral.es\/index.php\/wp-json\/wp\/v2\/posts\/3281\/revisions\/3283"}],"wp:featuredmedia":[{"embeddable":true,"href":"https:\/\/www.raulmayoral.es\/index.php\/wp-json\/wp\/v2\/media\/3282"}],"wp:attachment":[{"href":"https:\/\/www.raulmayoral.es\/index.php\/wp-json\/wp\/v2\/media?parent=3281"}],"wp:term":[{"taxonomy":"category","embeddable":true,"href":"https:\/\/www.raulmayoral.es\/index.php\/wp-json\/wp\/v2\/categories?post=3281"},{"taxonomy":"post_tag","embeddable":true,"href":"https:\/\/www.raulmayoral.es\/index.php\/wp-json\/wp\/v2\/tags?post=3281"}],"curies":[{"name":"wp","href":"https:\/\/api.w.org\/{rel}","templated":true}]}}