{"id":3646,"date":"2026-02-01T23:27:59","date_gmt":"2026-02-01T22:27:59","guid":{"rendered":"https:\/\/www.raulmayoral.es\/?p=3646"},"modified":"2026-05-01T23:34:50","modified_gmt":"2026-05-01T21:34:50","slug":"3646","status":"publish","type":"post","link":"https:\/\/www.raulmayoral.es\/index.php\/2026\/02\/01\/3646\/","title":{"rendered":""},"content":{"rendered":"<p>Ra\u00fal Mayoral Benito: Perder para ganar<\/p>\n<p>Recientemente, Ra\u00fal Mayoral Benito public\u00f3\u00a0<a href=\"https:\/\/www.elimparcial.es\/noticia\/281927\/los-lunes-de-el-imparcial\/raul-mayoral-benito-pregon-de-combate-para-jovenes-de-espiritu.html\" target=\"_blank\" rel=\"noopener\"><em>Preg\u00f3n de combate para j\u00f3venes de esp\u00edritu<\/em><\/a>, un tan necesario como valiente ensayo que se inscribe en la batalla cultural y desenmascara y pulveriza con fundamento la nefasta ideolog\u00eda\u00a0<em>woke,\u00a0<\/em>que<em>,\u00a0<\/em>sobre todo en los \u00faltimos tiempos, difundi\u00f3 la cancelaci\u00f3n y lo pol\u00edticamente correcto en un ataque a la libertad de expresi\u00f3n, llevado a cabo por \u201cprogresistas a la violeta\u201d.<\/p>\n<p>Ahora, el escritor, abogado y articulista debuta en la narrativa con una brillante obra,\u00a0<em>Perder para ganar<\/em>, que, como todas las mejores novelas hist\u00f3ricas, no nos habla solo del pasado sino tambi\u00e9n del aqu\u00ed y ahora, en un mundo que ha arrinconado valores imprescindibles entronizando un desaforado materialismo. La propuesta de Ra\u00fal Mayoral Benito nos sumerge en uno de los momentos m\u00e1s aciagos, sangrientos y tr\u00e1gicos del siglo XX, como fue la II Guerra Mundial, provocada por el nazismo con un Hitler que se present\u00f3 con piel de cordero y supo \u201cganar la baza de la ilusi\u00f3n, de la emoci\u00f3n, de los sentidos, en una palabra, de la sinraz\u00f3n\u201d. Porque \u201ceste movimiento demoniaco\u201d -como magistralmente explor\u00f3 Thomas Mann en su\u00a0<em>Doktor Faustus<\/em>&#8211; atrajo a millones de alemanes, aunque no a todos. Para algunos, queriendo a su pa\u00eds, \u2018la \u00fanica esperanza es que Alemania sea derrotada en la inminente guerra y los vencedores acaben con Hitler\u201d.<\/p>\n<p><span style=\"font-size: 1rem;\">Entre sus aciertos, la novela reivindica a aquellos germanos, no pocos cristianos, que, en medio del peligro y el riesgo, hicieron lo posible en contra de la barbarie que instaur\u00f3 el inimaginable horror de los campos de exterminio, pues tras la liberaci\u00f3n de Auschwitz, \u201ces algo que no puede creerse, aunque se est\u00e9 viendo\u201d. As\u00ed, en esa oposici\u00f3n, aparte del fallido Plan Valquiria, se recuerda el C\u00edrculo de Kreisau, formado por gentes provenientes de distintos sectores, pero, en lo fundamental, hermanados por una impronta cristiana y europe\u00edsta.<\/span><\/p>\n<p>La novela arranca en 1938 con la asistencia de uno de sus personajes, Alan Harris, a una multitudinaria conferencia de Ronald Knox, capell\u00e1n cat\u00f3lico de la Universidad de Oxford y concluye, en un epilogo, en Londres, en mayo de 1945, en la Catedral de Westminster. All\u00ed, Alan se reencontrar\u00e1 con Mar\u00eda, Andreas y Ramiro, principales personajes de\u00a0<em>Perder para ganar<\/em>, cuyos avatares hemos ido conociendo: \u201cBajo la formidable b\u00f3veda de la Catedral de Westminster, est\u00e1n reunidos tres hombres y una mujer, cuatro europeos intr\u00e9pidos que han logrado sobrevivir a una guerra obrando el bien y manteniendo intacta su fe en tiempos convulsos para el ser humano\u201d.<\/p>\n<p><span style=\"font-size: 1rem;\">Entremezclando personajes ficticios, muy bien perfilados, con reales -entre otros, asoma la voz del gran G. K. Chesterton-, y varios escenarios: Berl\u00edn, Madrid, Silesia, Oxford, Kiev\u2026, Ra\u00fal Mayoral Benito consigue que la enorme documentaci\u00f3n en la que se ha basado para contar con rigor hechos hist\u00f3ricos no entorpezca la emoci\u00f3n del relato y que sigamos con inter\u00e9s a sus personajes.<\/span><\/p>\n<p>El sugerente t\u00edtulo de\u00a0<em>Perder para ganar<\/em>, inspirado y quiz\u00e1 homenaje a\u00a0<em>Loss and Gain<\/em>, novela autobiogr\u00e1fica de John Henry Newman, que cobija una novela estructurada en XXIII cap\u00edtulos y un ep\u00edlogo, encabezados con muy bien elegidas citas del Evangelio, tiene, pues, una doble vertiente. Por un lado, la necesidad de que el r\u00e9gimen hitleriano perdiera la contienda, pues, como afirma el almirante Wilhem Canaris, uno de los personajes reales de la novela, \u201cel nacionalsocialismo es especialista en atribuir car\u00e1cter leg\u00edtimo a acciones generalmente consideradas como inmorales. Esa es su verdadera esencia: convertir lo inmoral en una nueva moralidad\u201d. Y por otro se refiere a la \u201cgran paradoja del cristiano\u201d, como explica el reverendo Knox, tambi\u00e9n personaje real, y, como Newman, anglicano converso al catolicismo: \u201cPara ganar, el hombre debe perder. Para enriquecerse, el hombre debe desprenderse. Para tener, el hombre debe dar\u201d.<img loading=\"lazy\" decoding=\"async\" style=\"background-color: #fff9c0; color: #333333; font-size: 1rem;\" src=\"https:\/\/publicidad.elimparcial.es\/delivery\/lg.php?bannerid=0&amp;campaignid=0&amp;zoneid=216&amp;loc=https%3A%2F%2Fwww.elimparcial.es%2Fnoticia%2F292701%2Flos-lunes-de-el-imparcial%2Fraul-mayoral-benito-perder-para-ganar.html&amp;referer=https%3A%2F%2Fes.search.yahoo.com%2F&amp;cb=444d444fce\" alt=\"\" width=\"0\" height=\"0\" \/><\/p>\n<p>Una admirable novela para creyentes y no creyentes -\u00bfno hay acaso valores irrenunciables que se pueden compartir? -, en la que es posible disfrutar de una lecci\u00f3n de Historia perfectamente imbricada en una lograda narraci\u00f3n.<\/p>\n<p>Art\u00edculo publicado por Carmen R. Santos en el diario digital <em>El Imparcial<\/em> el 19 de enero de 2026.\u00a0<a href=\"https:\/\/www.elimparcial.es\/noticia\/292701\/los-lunes-de-el-imparcial\/raul-mayoral-benito-perder-para-ganar.html\">https:\/\/www.elimparcial.es\/noticia\/292701\/los-lunes-de-el-imparcial\/raul-mayoral-benito-perder-para-ganar.html<\/a><\/p>\n","protected":false},"excerpt":{"rendered":"<p>Ra\u00fal Mayoral Benito: Perder para ganar Recientemente, Ra\u00fal Mayoral Benito public\u00f3\u00a0Preg\u00f3n de combate para j\u00f3venes de esp\u00edritu, un tan necesario como valiente ensayo que se inscribe en la batalla cultural y desenmascara y pulveriza con fundamento la nefasta ideolog\u00eda\u00a0woke,\u00a0que,\u00a0sobre todo en los \u00faltimos tiempos, difundi\u00f3 la cancelaci\u00f3n y lo pol\u00edticamente correcto en un ataque a [&hellip;]<\/p>\n","protected":false},"author":1,"featured_media":3649,"comment_status":"open","ping_status":"open","sticky":false,"template":"","format":"standard","meta":{"_crdt_document":"","om_disable_all_campaigns":false,"_monsterinsights_skip_tracking":false,"_monsterinsights_sitenote_active":false,"_monsterinsights_sitenote_note":"","_monsterinsights_sitenote_category":0,"_uf_show_specific_survey":0,"_uf_disable_surveys":false,"jetpack_post_was_ever_published":false,"_jetpack_newsletter_access":"","_jetpack_dont_email_post_to_subs":false,"_jetpack_newsletter_tier_id":0,"_jetpack_memberships_contains_paywalled_content":false,"_jetpack_memberships_contains_paid_content":false,"footnotes":"","jetpack_publicize_message":"","jetpack_publicize_feature_enabled":true,"jetpack_social_post_already_shared":true,"jetpack_social_options":{"image_generator_settings":{"template":"highway","default_image_id":0,"font":"","enabled":false},"version":2}},"categories":[20],"tags":[],"class_list":["post-3646","post","type-post","status-publish","format-standard","has-post-thumbnail","hentry","category-resenas-de-libros"],"aioseo_notices":[],"jetpack_publicize_connections":[],"jetpack_featured_media_url":"https:\/\/i0.wp.com\/www.raulmayoral.es\/wp-content\/uploads\/2026\/02\/Perder-para-ganar.jpeg?fit=670%2C1035&ssl=1","jetpack-related-posts":[],"jetpack_sharing_enabled":true,"_links":{"self":[{"href":"https:\/\/www.raulmayoral.es\/index.php\/wp-json\/wp\/v2\/posts\/3646","targetHints":{"allow":["GET"]}}],"collection":[{"href":"https:\/\/www.raulmayoral.es\/index.php\/wp-json\/wp\/v2\/posts"}],"about":[{"href":"https:\/\/www.raulmayoral.es\/index.php\/wp-json\/wp\/v2\/types\/post"}],"author":[{"embeddable":true,"href":"https:\/\/www.raulmayoral.es\/index.php\/wp-json\/wp\/v2\/users\/1"}],"replies":[{"embeddable":true,"href":"https:\/\/www.raulmayoral.es\/index.php\/wp-json\/wp\/v2\/comments?post=3646"}],"version-history":[{"count":3,"href":"https:\/\/www.raulmayoral.es\/index.php\/wp-json\/wp\/v2\/posts\/3646\/revisions"}],"predecessor-version":[{"id":3650,"href":"https:\/\/www.raulmayoral.es\/index.php\/wp-json\/wp\/v2\/posts\/3646\/revisions\/3650"}],"wp:featuredmedia":[{"embeddable":true,"href":"https:\/\/www.raulmayoral.es\/index.php\/wp-json\/wp\/v2\/media\/3649"}],"wp:attachment":[{"href":"https:\/\/www.raulmayoral.es\/index.php\/wp-json\/wp\/v2\/media?parent=3646"}],"wp:term":[{"taxonomy":"category","embeddable":true,"href":"https:\/\/www.raulmayoral.es\/index.php\/wp-json\/wp\/v2\/categories?post=3646"},{"taxonomy":"post_tag","embeddable":true,"href":"https:\/\/www.raulmayoral.es\/index.php\/wp-json\/wp\/v2\/tags?post=3646"}],"curies":[{"name":"wp","href":"https:\/\/api.w.org\/{rel}","templated":true}]}}