{"id":391,"date":"2019-11-29T19:03:00","date_gmt":"2019-11-29T18:03:00","guid":{"rendered":"http:\/\/www.raulmayoral.es\/?p=391"},"modified":"2021-06-30T11:58:57","modified_gmt":"2021-06-30T09:58:57","slug":"guardianes-del-lenguaje","status":"publish","type":"post","link":"https:\/\/www.raulmayoral.es\/index.php\/2019\/11\/29\/guardianes-del-lenguaje\/","title":{"rendered":"Guardianes del lenguaje"},"content":{"rendered":"\n<p class=\"wp-block-paragraph\">Desde que <strong>Mefist\u00f3feles<\/strong> le dijera a <strong>Fausto<\/strong> que con palabras se inventa un sistema, los tiranos han practicado frecuentemente la subversi\u00f3n del lenguaje para fingir una realidad a la medida de sus intereses y conveniencias. No en vano, el dictador sovi\u00e9tico <strong>Stalin<\/strong>\u00a0afirmaba que <em>\u201cde todos los monopolios de que disfruta el Estado, ninguno ser\u00e1 tan crucial como su monopolio sobre la definici\u00f3n de las palabras. El arma esencial para el<\/em>\u00a0<em>control pol\u00edtico ser\u00e1 el diccionario<\/em>\u201d. La posmodernidad relativista acarrea un vicio nefasto: la adulteraci\u00f3n del lenguaje. Es el nuevo caballo de Troya que penetra en las ciudadelas de hogares y aulas pre\u00f1ado de un ej\u00e9rcito de dogmas, falacias, mitos y utop\u00edas. Argamasa de un pensamiento d\u00e9bil y pol\u00edticamente correcto que persigue tapar las verdades objetivas y absolutas.<\/p>\n\n\n\n<p class=\"wp-block-paragraph\">En Espa\u00f1a, algunos pol\u00edticos andan obsesionados con el l\u00e9xico. Se afanan en que la terminolog\u00eda les resulte siempre favorable. Hay dirigentes que desvirt\u00faan el concepto de Naci\u00f3n en un intento de equipararlo a realidades pol\u00edtico-administrativas que nunca lo han sido, ni hist\u00f3rica ni jur\u00eddicamente. Hay dirigentes que tergiversan el significado de la palabra paz, ya sea disfrazando de misi\u00f3n de paz lo que son operaciones militares armadas expuestas al riesgo del terrorismo, ya sea confundiendo con loables deseos de paz lo que son las ansias de justicia y libertad de una castigada tierra espa\u00f1ola. Hay, en fin, dirigentes que se empe\u00f1an en llamar matrimonio a uniones entre dos personas del mismo sexo que jam\u00e1s podr\u00e1n serlo ni natural ni biol\u00f3gicamente. Tales desviaciones del lenguaje corroen y disuelven los conceptos de naci\u00f3n, orden social y relaciones internacionales. Y con ello, parafraseando a Mefist\u00f3feles, se inventa un r\u00e9gimen.<\/p>\n\n\n\n<p class=\"wp-block-paragraph\">Todav\u00eda queda una parte considerable de la izquierda espa\u00f1ola conservada en el formol del totalitarismo, incapaz de librarse de esa irrefrenable inclinaci\u00f3n a generar manipulaci\u00f3n y propalar mentiras. El idioma no puede haberse vuelto loco, clamaba <strong>Hannah Arendt<\/strong>. Por si acaso, opongamos a las locuras de estos tiempos, las precisiones de la verdad. La falta de escr\u00fapulos en el falseamiento del lenguaje encuentra siempre un l\u00edmite cuando se topa con la verdad.<\/p>\n\n\n\n<p class=\"wp-block-paragraph\">Art\u00edculo publicado por Ra\u00fal Mayoral Benito en el diario <em>La Raz\u00f3n<\/em> el 25 de septiembre de 2005. P\u00e1gina 29. <\/p>\n","protected":false},"excerpt":{"rendered":"<p>Desde que Mefist\u00f3feles le dijera a Fausto que con palabras se inventa un sistema, los tiranos han practicado frecuentemente la subversi\u00f3n del lenguaje para fingir una realidad a la medida de sus intereses y conveniencias. No en vano, el dictador sovi\u00e9tico Stalin\u00a0afirmaba que \u201cde todos los monopolios de que disfruta el Estado, ninguno ser\u00e1 tan [&hellip;]<\/p>\n","protected":false},"author":1,"featured_media":749,"comment_status":"open","ping_status":"open","sticky":false,"template":"","format":"standard","meta":{"_crdt_document":"","om_disable_all_campaigns":false,"_monsterinsights_skip_tracking":false,"_monsterinsights_sitenote_active":false,"_monsterinsights_sitenote_note":"","_monsterinsights_sitenote_category":0,"_uf_show_specific_survey":0,"_uf_disable_surveys":false,"jetpack_post_was_ever_published":false,"_jetpack_newsletter_access":"","_jetpack_dont_email_post_to_subs":false,"_jetpack_newsletter_tier_id":0,"_jetpack_memberships_contains_paywalled_content":false,"_jetpack_memberships_contains_paid_content":false,"footnotes":"","jetpack_publicize_message":"","jetpack_publicize_feature_enabled":true,"jetpack_social_post_already_shared":false,"jetpack_social_options":{"image_generator_settings":{"template":"highway","default_image_id":0,"font":"","enabled":false},"version":2}},"categories":[9,12],"tags":[],"class_list":["post-391","post","type-post","status-publish","format-standard","has-post-thumbnail","hentry","category-hemeroteca-2","category-politica"],"aioseo_notices":[],"jetpack_publicize_connections":[],"jetpack_featured_media_url":"https:\/\/i0.wp.com\/www.raulmayoral.es\/wp-content\/uploads\/2019\/11\/guardianes-del-lenguaje.jpeg?fit=1200%2C675&ssl=1","jetpack-related-posts":[],"jetpack_sharing_enabled":true,"_links":{"self":[{"href":"https:\/\/www.raulmayoral.es\/index.php\/wp-json\/wp\/v2\/posts\/391","targetHints":{"allow":["GET"]}}],"collection":[{"href":"https:\/\/www.raulmayoral.es\/index.php\/wp-json\/wp\/v2\/posts"}],"about":[{"href":"https:\/\/www.raulmayoral.es\/index.php\/wp-json\/wp\/v2\/types\/post"}],"author":[{"embeddable":true,"href":"https:\/\/www.raulmayoral.es\/index.php\/wp-json\/wp\/v2\/users\/1"}],"replies":[{"embeddable":true,"href":"https:\/\/www.raulmayoral.es\/index.php\/wp-json\/wp\/v2\/comments?post=391"}],"version-history":[{"count":4,"href":"https:\/\/www.raulmayoral.es\/index.php\/wp-json\/wp\/v2\/posts\/391\/revisions"}],"predecessor-version":[{"id":750,"href":"https:\/\/www.raulmayoral.es\/index.php\/wp-json\/wp\/v2\/posts\/391\/revisions\/750"}],"wp:featuredmedia":[{"embeddable":true,"href":"https:\/\/www.raulmayoral.es\/index.php\/wp-json\/wp\/v2\/media\/749"}],"wp:attachment":[{"href":"https:\/\/www.raulmayoral.es\/index.php\/wp-json\/wp\/v2\/media?parent=391"}],"wp:term":[{"taxonomy":"category","embeddable":true,"href":"https:\/\/www.raulmayoral.es\/index.php\/wp-json\/wp\/v2\/categories?post=391"},{"taxonomy":"post_tag","embeddable":true,"href":"https:\/\/www.raulmayoral.es\/index.php\/wp-json\/wp\/v2\/tags?post=391"}],"curies":[{"name":"wp","href":"https:\/\/api.w.org\/{rel}","templated":true}]}}