{"id":401,"date":"2019-11-30T19:44:00","date_gmt":"2019-11-30T18:44:00","guid":{"rendered":"http:\/\/www.raulmayoral.es\/?p=401"},"modified":"2021-01-29T19:53:38","modified_gmt":"2021-01-29T18:53:38","slug":"los-nuevos-enemigos-de-la-libertad","status":"publish","type":"post","link":"https:\/\/www.raulmayoral.es\/index.php\/2019\/11\/30\/los-nuevos-enemigos-de-la-libertad\/","title":{"rendered":"Los nuevos enemigos de la libertad"},"content":{"rendered":"\n<p class=\"wp-block-paragraph\">Con la Guerra Fr\u00eda en su apogeo se publicaron dos libros que abrir\u00edan una senda propicia en la batalla de las ideas: <em>La mente cautiva<\/em>, de Czeslaw Milosz y <em>El opio de los intelectuales<\/em>, de Raymond Aron. Ambos fueron una potente denuncia contra el totalitarismo marxista que, parad\u00f3jicamente, aliado de las democracias liberales sali\u00f3 triunfante en el combate frente al totalitarismo nazi-fascista. El camino fue seguido por Jean Fran\u00e7ois Revel en sus obras <em>Ni Marx ni Jes\u00fas<\/em>, ensayo sobre el antiamericanismo, el fracaso del comunismo y el futuro de la revoluci\u00f3n liberal que se estaba fraguando en EEUU, y <em>La tentaci\u00f3n totalitaria<\/em>, acerado alegato contra el comunismo y la URSS. El pensamiento vertido en estas obras identificaba a los enemigos de la libertad y desenmascaraba a tantos intelectuales europeos que suspiraban por la ideolog\u00eda y los dogmas de lo que Aron llam\u00f3 la \u201cVulgata marxista\u201d. El libro <em>El futuro es hoy<\/em>, de Jos\u00e9 Mar\u00eda Aznar, es, en parte, legatario de aquella literatura de alerta ante los ataques a la democracia y a la libertad, y describe un escenario erizado con nuevas ofensivas que reeditan la Guerra Fr\u00eda. &nbsp;&nbsp;<\/p>\n\n\n\n<p class=\"wp-block-paragraph\">El autor repasa lo acontecido en el mundo en los \u00faltimos treinta a\u00f1os, comenzando con el derribo del muro de Berl\u00edn, fin de la Historia seg\u00fan Fukuyama, certificado por dos acontecimientos m\u00e1s: La coalici\u00f3n internacional ante la guerra de Kuwait y la desintegraci\u00f3n de la URSS. Este cambio de \u00e9poca que afecta al orden internacional tiene dos puntos de inflexi\u00f3n: El ataque yihadista a EEUU, que desmantela la confiada seguridad de Occidente dentro de su propio suelo, y la crisis econ\u00f3mico-financiera, que reduce la econom\u00eda global a castillo de naipes. El cambio de \u00e9poca coincide con un alarmante ocaso del orden liberal internacional surgido tras la IIGM bajo la jefatura de EEUU. Causas del ocaso son la labor de acoso y derribo emprendida contra el orden liberal por China, Rusia, Ir\u00e1n, Corea del Norte y los nacionalismos revolucionarios de Hispanoam\u00e9rica, en particular, el venezolano; el repliegue de EEUU en su misi\u00f3n de gendarme global unido a la falta de convicciones y consiguiente divisi\u00f3n de la Uni\u00f3n Europea, que acarrea una erosi\u00f3n del v\u00ednculo transatl\u00e1ntico; la degradaci\u00f3n de las instituciones y valores democr\u00e1ticos dando lugar, como ocurriera en el per\u00edodo de entreguerras, a democracias vulnerables, expuestas a todo tipo de fraudes y convertidas en meras democracias de apariencia externa pero interiormente adulteradas por un poder ejecutivo autoritario en detrimento de la sociedad civil (<em>Democracias iliberales<\/em>); la vulnerabilidad interna que cada pa\u00eds experimenta en su pol\u00edtica dom\u00e9stica; y, por \u00faltimo, un <em>cibermundo <\/em>como nuevo escenario tecnol\u00f3gico por el que campan terroristas, crimen organizado y reg\u00edmenes autoritarios.<\/p>\n\n\n\n<p class=\"wp-block-paragraph\">La pendiente es empinada e, incluso, resbaladiza, pero el autor alberga la firme convicci\u00f3n de que disponemos de recursos suficientes para derrotar nuevamente a los enemigos de la libertad. Son las recetas que siempre han funcionado: el Estado de Derecho, la ley, la econom\u00eda libre, la iniciativa individual, la cooperaci\u00f3n internacional\u2026 Aznar sostiene que las civilizaciones avanzan d\u00e1ndose reglas y respet\u00e1ndolas. Tambi\u00e9n siendo leales a principios y valores \u00e9ticos. No cree en el relativismo moral y s\u00ed en la claridad moral como nueva virtud a practicar. Si durante la Guerra Fr\u00eda fue la perseverancia la virtud pol\u00edtica con la que se resisti\u00f3 a la expansi\u00f3n comunista, hoy para volver a vencer resulta precisa la claridad moral. Adem\u00e1s de valores, debe tenerse valor para defenderlos.<\/p>\n\n\n\n<p class=\"wp-block-paragraph\">El que fuera presidente del Gobierno de Espa\u00f1a dedica un apartado a nuestro pa\u00eds, en el que hay tambi\u00e9n enemigos de la libertad, la democracia y la ley: El populismo y los nacionalismos separatistas vasco y catal\u00e1n. Aqu\u00e9l gest\u00f3 el pacto de Estella, primer acto de exclusi\u00f3n de los dos partidos constitucionalistas. El catal\u00e1n ha vuelto a su esencia insurreccional y golpista amenazando la convivencia ciudadana con sus ramalazos totalitarios. Sin embargo, Aznar reconoce que la democracia espa\u00f1ola ha sido carcomida por errores propios de los partidos que firmaron el pacto de 1978. El m\u00e1s grave est\u00e1 siendo la deriva del PSOE, cuya inquietante trayectoria en los \u00faltimos a\u00f1os revela su desleal prop\u00f3sito de romper el consenso constitucional repitiendo errores del pasado como el regreso de las dos Espa\u00f1as. Muestras del disparate socialista son el pacto del Tinell, y su obsesi\u00f3n por aislar al PP, los Gobiernos tripartitos en Catalu\u00f1a de Pascual Maragall y Jos\u00e9 Montilla, en los que confluyen un nacionalismo furtivo y un PSOE desnortado, el impulso por Jos\u00e9 Luis R. Zapatero al Estatuto catal\u00e1n saturado de odio hacia lo espa\u00f1ol y de letra y esp\u00edritu inconstitucionales y, finalmente, una moci\u00f3n de censura <em>frentepopulista <\/em>y revanchista para aupar a Pedro S\u00e1nchez al Gobierno de la naci\u00f3n. Ciertamente, quien conoce su pasado, sabe afrontar su presente para ganar el futuro. Con su libro Aznar est\u00e1 en esa senda.<\/p>\n\n\n\n<p class=\"wp-block-paragraph\">Rese\u00f1a publicada por Ra\u00fal Mayoral Benito en El debate de hoy el 18 de febrero de 2019 sobre el libro <em>El futuro es hoy<\/em>, de Jose Mar\u00eda Aznar.  <a href=\"https:\/\/eldebatedehoy.es\/cultura\/el-futuro-es-hoy\/\" data-type=\"URL\" data-id=\"https:\/\/eldebatedehoy.es\/cultura\/el-futuro-es-hoy\/\">https:\/\/eldebatedehoy.es\/cultura\/el-futuro-es-hoy\/<\/a><\/p>\n","protected":false},"excerpt":{"rendered":"<p>Con la Guerra Fr\u00eda en su apogeo se publicaron dos libros que abrir\u00edan una senda propicia en la batalla de las ideas: La mente cautiva, de Czeslaw Milosz y El opio de los intelectuales, de Raymond Aron. Ambos fueron una potente denuncia contra el totalitarismo marxista que, parad\u00f3jicamente, aliado de las democracias liberales sali\u00f3 triunfante [&hellip;]<\/p>\n","protected":false},"author":1,"featured_media":402,"comment_status":"open","ping_status":"open","sticky":false,"template":"","format":"standard","meta":{"_crdt_document":"","om_disable_all_campaigns":false,"_monsterinsights_skip_tracking":false,"_monsterinsights_sitenote_active":false,"_monsterinsights_sitenote_note":"","_monsterinsights_sitenote_category":0,"_uf_show_specific_survey":0,"_uf_disable_surveys":false,"jetpack_post_was_ever_published":false,"_jetpack_newsletter_access":"","_jetpack_dont_email_post_to_subs":false,"_jetpack_newsletter_tier_id":0,"_jetpack_memberships_contains_paywalled_content":false,"_jetpack_memberships_contains_paid_content":false,"footnotes":"","jetpack_publicize_message":"","jetpack_publicize_feature_enabled":true,"jetpack_social_post_already_shared":false,"jetpack_social_options":{"image_generator_settings":{"template":"highway","default_image_id":0,"font":"","enabled":false},"version":2}},"categories":[9,20],"tags":[],"class_list":["post-401","post","type-post","status-publish","format-standard","has-post-thumbnail","hentry","category-hemeroteca-2","category-resenas-de-libros"],"aioseo_notices":[],"jetpack_publicize_connections":[],"jetpack_featured_media_url":"https:\/\/i0.wp.com\/www.raulmayoral.es\/wp-content\/uploads\/2021\/01\/El-futuro-es-hoy_Aznar.jpg?fit=212%2C300&ssl=1","jetpack-related-posts":[],"jetpack_sharing_enabled":true,"_links":{"self":[{"href":"https:\/\/www.raulmayoral.es\/index.php\/wp-json\/wp\/v2\/posts\/401","targetHints":{"allow":["GET"]}}],"collection":[{"href":"https:\/\/www.raulmayoral.es\/index.php\/wp-json\/wp\/v2\/posts"}],"about":[{"href":"https:\/\/www.raulmayoral.es\/index.php\/wp-json\/wp\/v2\/types\/post"}],"author":[{"embeddable":true,"href":"https:\/\/www.raulmayoral.es\/index.php\/wp-json\/wp\/v2\/users\/1"}],"replies":[{"embeddable":true,"href":"https:\/\/www.raulmayoral.es\/index.php\/wp-json\/wp\/v2\/comments?post=401"}],"version-history":[{"count":1,"href":"https:\/\/www.raulmayoral.es\/index.php\/wp-json\/wp\/v2\/posts\/401\/revisions"}],"predecessor-version":[{"id":403,"href":"https:\/\/www.raulmayoral.es\/index.php\/wp-json\/wp\/v2\/posts\/401\/revisions\/403"}],"wp:featuredmedia":[{"embeddable":true,"href":"https:\/\/www.raulmayoral.es\/index.php\/wp-json\/wp\/v2\/media\/402"}],"wp:attachment":[{"href":"https:\/\/www.raulmayoral.es\/index.php\/wp-json\/wp\/v2\/media?parent=401"}],"wp:term":[{"taxonomy":"category","embeddable":true,"href":"https:\/\/www.raulmayoral.es\/index.php\/wp-json\/wp\/v2\/categories?post=401"},{"taxonomy":"post_tag","embeddable":true,"href":"https:\/\/www.raulmayoral.es\/index.php\/wp-json\/wp\/v2\/tags?post=401"}],"curies":[{"name":"wp","href":"https:\/\/api.w.org\/{rel}","templated":true}]}}