{"id":412,"date":"2021-01-06T11:32:00","date_gmt":"2021-01-06T10:32:00","guid":{"rendered":"http:\/\/www.raulmayoral.es\/?p=412"},"modified":"2022-11-28T15:48:33","modified_gmt":"2022-11-28T14:48:33","slug":"empresarios","status":"publish","type":"post","link":"https:\/\/www.raulmayoral.es\/index.php\/2021\/01\/06\/empresarios\/","title":{"rendered":"Empresarios"},"content":{"rendered":"\n<p class=\"wp-block-paragraph\">Tocado, esperemos que no hundido, saldr\u00e1 el sector empresarial de esta tr\u00e1gica pandemia. A las bajas producidas en sus filas por el letal virus, hay que sumar cuantiosas bajas en el Registro mercantil por la dr\u00e1stica paralizaci\u00f3n de la econom\u00eda. Malas noticias para Espa\u00f1a al restar potencia a un extraordinario motor de creaci\u00f3n de empleo y riqueza.&nbsp;Y p\u00e9simos augurios al hablar el irresponsable Iglesias de nacionalizaci\u00f3n de la actividad econ\u00f3mica.<\/p>\n\n\n\n<p class=\"wp-block-paragraph\">Hist\u00f3ricamente, empresario y hombre de negocios nunca gozaron de buena prensa ante la izquierda. Desde su oprimida visi\u00f3n manchesteriana, el comunismo siempre los se\u00f1al\u00f3 para sentarlos en el banquillo de los acusados. En un libro escolar de la Ruman\u00eda comunista, bajo el ep\u00edgrafe \u201cC\u00f3mo trabajaban antes los obreros\u201d,\u00a0se propon\u00eda\u00a0a los alumnos un ejercicio de redacci\u00f3n en el que desarrollar el siguiente esquema: Un obrero es aplastado por una viga que le cae encima. El patrono, mientras fuma un cigarro, dice:\u00a0\u201c\u00a1Diablo! \u00a1Se fastidi\u00f3 la viga!\u00bb.\u00a0Posiblemente haya crueles empresarios, igual que crueles ingenieros, m\u00e9dicos, abogados o funcionarios. La experiencia tambi\u00e9n demuestra que un comisario del pueblo (gerente estatal, eufem\u00edsticamente hablando), resultaba\u00a0mil veces m\u00e1s duro que un patrono. Por no remontarnos a la c\u00faspide de la terror\u00edfica nomenclatura sovi\u00e9tica sobre la que Nikita Kruschev contaba que cuando Stalin nos llamaba a su despacho no sab\u00edamos si saldr\u00edamos de all\u00ed con vida.<\/p>\n\n\n\n<p class=\"wp-block-paragraph\">El propietario particular, hoy aut\u00f3nomo, tambi\u00e9n fue perseguido por el comunismo, para quien la producci\u00f3n a peque\u00f1a escala engendraba&nbsp;burgues\u00eda y capitalismo. De ah\u00ed, su aversi\u00f3n hacia los peque\u00f1os negocios y&nbsp;su pretensi\u00f3n de exterminio del comercio minorista,&nbsp;ya que una econom\u00eda planificada era,&nbsp;seg\u00fan sus disparatadas consignas, una forma superior de econom\u00eda popular&nbsp;al estatificar industrias y comercio. Nuevamente, la pr\u00e1ctica evidenci\u00f3 que el intervencionismo y la escasez son inseparables, mientras que la libertad es indicio claro de abundancia.<\/p>\n\n\n\n<p class=\"wp-block-paragraph\">La socialdemocracia, en su versi\u00f3n m\u00e1s sectaria y de visi\u00f3n raqu\u00edtica, tampoco considera a la iniciativa privada una fuente de progreso para la naci\u00f3n. Partidaria del dirigismo frente a la libertad econ\u00f3mica, coexiste pero no convive arm\u00f3nicamente con los empresarios despreciando de modo obsesivo el principio b\u00e1sico para la prosperidad econ\u00f3mica: es mejor aumentar la producci\u00f3n&nbsp;que distribuir la renta. El igualitarismo siempre ha sido la peor enfermedad socialdem\u00f3crata, a pesar de que un socialista como el franc\u00e9s Marcel Sembat dijera en 1914 que&nbsp;equiparar las fortunas por medio de impuestos equivaldr\u00eda a intentar&nbsp;allanar el Mont Blanc con una apisonadora.<\/p>\n\n\n\n<p class=\"wp-block-paragraph\">No resulta extra\u00f1o que desde el Gobierno se insista puerilmente en una impertinente contraposici\u00f3n entre trabajadores y empresarios. Consecuencia de esa incoherencia de la vieja escuela progresista consistente en pedir unidad a toda una naci\u00f3n y promover nefastos antagonismos entre ideolog\u00edas, clases y territorios. Cuando S\u00e1nchez invoca el Plan Marshall o&nbsp;los Pactos de La Moncloa, a\u00fan suponiendo que hable con la buena fe de un maestro de escuela, cabe preguntarse, no si sabe en qu\u00e9 consistieron aquellas iniciativas, sino si su vicepresidente Iglesias lo sabe. &nbsp;<\/p>\n\n\n\n<p class=\"wp-block-paragraph\">Art\u00edculo publicado por Ra\u00fal Mayoral Benito en el diario digital El Imparcial el 5 de abril de 2020. <a href=\"https:\/\/www.elimparcial.es\/noticia\/211808\/empresarios.html\">https:\/\/www.elimparcial.es\/noticia\/211808\/empresarios.html<\/a><\/p>\n\n\n\n<p class=\"wp-block-paragraph\"><\/p>\n","protected":false},"excerpt":{"rendered":"<p>Tocado, esperemos que no hundido, saldr\u00e1 el sector empresarial de esta tr\u00e1gica pandemia. A las bajas producidas en sus filas por el letal virus, hay que sumar cuantiosas bajas en el Registro mercantil por la dr\u00e1stica paralizaci\u00f3n de la econom\u00eda. Malas noticias para Espa\u00f1a al restar potencia a un extraordinario motor de creaci\u00f3n de empleo [&hellip;]<\/p>\n","protected":false},"author":1,"featured_media":413,"comment_status":"open","ping_status":"open","sticky":false,"template":"","format":"standard","meta":{"_crdt_document":"","om_disable_all_campaigns":false,"_monsterinsights_skip_tracking":false,"_monsterinsights_sitenote_active":false,"_monsterinsights_sitenote_note":"","_monsterinsights_sitenote_category":0,"_uf_show_specific_survey":0,"_uf_disable_surveys":false,"jetpack_post_was_ever_published":false,"_jetpack_newsletter_access":"","_jetpack_dont_email_post_to_subs":false,"_jetpack_newsletter_tier_id":0,"_jetpack_memberships_contains_paywalled_content":false,"_jetpack_memberships_contains_paid_content":false,"footnotes":"","jetpack_publicize_message":"","jetpack_publicize_feature_enabled":true,"jetpack_social_post_already_shared":false,"jetpack_social_options":{"image_generator_settings":{"template":"highway","default_image_id":0,"font":"","enabled":false},"version":2}},"categories":[21,9],"tags":[],"class_list":["post-412","post","type-post","status-publish","format-standard","has-post-thumbnail","hentry","category-el-imparcial","category-hemeroteca-2"],"aioseo_notices":[],"jetpack_publicize_connections":[],"jetpack_featured_media_url":"https:\/\/i0.wp.com\/www.raulmayoral.es\/wp-content\/uploads\/2021\/02\/Empresarios.jpg?fit=319%2C461&ssl=1","jetpack-related-posts":[],"jetpack_sharing_enabled":true,"_links":{"self":[{"href":"https:\/\/www.raulmayoral.es\/index.php\/wp-json\/wp\/v2\/posts\/412","targetHints":{"allow":["GET"]}}],"collection":[{"href":"https:\/\/www.raulmayoral.es\/index.php\/wp-json\/wp\/v2\/posts"}],"about":[{"href":"https:\/\/www.raulmayoral.es\/index.php\/wp-json\/wp\/v2\/types\/post"}],"author":[{"embeddable":true,"href":"https:\/\/www.raulmayoral.es\/index.php\/wp-json\/wp\/v2\/users\/1"}],"replies":[{"embeddable":true,"href":"https:\/\/www.raulmayoral.es\/index.php\/wp-json\/wp\/v2\/comments?post=412"}],"version-history":[{"count":4,"href":"https:\/\/www.raulmayoral.es\/index.php\/wp-json\/wp\/v2\/posts\/412\/revisions"}],"predecessor-version":[{"id":1369,"href":"https:\/\/www.raulmayoral.es\/index.php\/wp-json\/wp\/v2\/posts\/412\/revisions\/1369"}],"wp:featuredmedia":[{"embeddable":true,"href":"https:\/\/www.raulmayoral.es\/index.php\/wp-json\/wp\/v2\/media\/413"}],"wp:attachment":[{"href":"https:\/\/www.raulmayoral.es\/index.php\/wp-json\/wp\/v2\/media?parent=412"}],"wp:term":[{"taxonomy":"category","embeddable":true,"href":"https:\/\/www.raulmayoral.es\/index.php\/wp-json\/wp\/v2\/categories?post=412"},{"taxonomy":"post_tag","embeddable":true,"href":"https:\/\/www.raulmayoral.es\/index.php\/wp-json\/wp\/v2\/tags?post=412"}],"curies":[{"name":"wp","href":"https:\/\/api.w.org\/{rel}","templated":true}]}}