{"id":479,"date":"2021-01-20T11:14:00","date_gmt":"2021-01-20T10:14:00","guid":{"rendered":"https:\/\/www.raulmayoral.es\/?p=479"},"modified":"2024-07-06T17:08:40","modified_gmt":"2024-07-06T15:08:40","slug":"echarse-al-monte","status":"publish","type":"post","link":"https:\/\/www.raulmayoral.es\/index.php\/2021\/01\/20\/echarse-al-monte\/","title":{"rendered":"Echarse al monte"},"content":{"rendered":"\n<p class=\"wp-block-paragraph\">\u201cPepe, \u00bfno nos encontraremos a nadie?\u201d&nbsp;pregunta con miramientos la esposa al marido, ambos progresistas,&nbsp;al cruzar&nbsp;la verja del colegio privado y cat\u00f3lico al que acuden a matricular a sus hijos. Algo de furtivo y, a la vez,&nbsp;teatral e hip\u00f3crita sobresale en el esp\u00edritu progresista que, en el fondo,&nbsp;anhela&nbsp;vivir como un t\u00edo rico y de derechas. De ah\u00ed, su propensi\u00f3n a cogerse&nbsp;\u201cperras\u201d a la hora de acostarse pensando en lo bien que viven los capitalistas.<\/p>\n\n\n\n<p class=\"wp-block-paragraph\">Cuando llega el ansiado d\u00eda en que alcanza a disfrutar de un nivel de vida propio de un burgu\u00e9s, el progresista <em>donde dije digo, digo Diego<\/em>. De puertas adentro no le preocupa rebajar su ideal de modelo de sociedad. Pero de puertas afuera,&nbsp;se apresura a condenar a la inmensa mayor\u00eda social con la mediocridad gris del igualitarismo, advirtiendo de la maldad que se esconde tras las sociedades libres. Con el progresismo en el poder, la libertad dura lo que las rosas: una ma\u00f1ana.<\/p>\n\n\n\n<p class=\"wp-block-paragraph\">Indigente en aportar soluciones, el progresismo siempre est\u00e1 presto a inventar problemas all\u00ed donde no los hay. Con su petulancia ideol\u00f3gica, acostumbra a tirar el dinero ajeno, velando por su comodidad y seguridad por encima de la justicia, y por su bien privado por\u00a0encima del\u00a0bien com\u00fan.\u00a0En Espa\u00f1a, cada cierto tiempo el progresismo, con su partidismo miope, cicatero y trasnochado, sale de excursi\u00f3n por los Cerros de Ubeda. Se echa al monte y pone el caser\u00f3n patrio patas arriba levantando una polvareda de sectarismo, anticlericalismo y revanchismo. Otra vez fuera de sitio, otra vez fuera de s\u00ed. Ahora le ha dado por la matraca del <em>hombre nuevo<\/em>, que no tiene nada de nuevo, sino que supone un paso m\u00e1s hacia el pasado. Ya Napole\u00f3n exig\u00eda suprimir la tutela de la Iglesia sobre la ense\u00f1anza, para sustituirla por la intervenci\u00f3n del Estado laico, nada neutral, tampoco imparcial, que pretend\u00eda imponer un dominio sutil pero brutal sobre la infancia y la juventud. Ese pretendido hombre nuevo\u00a0fue proclamado por Fichte en su \u201cDiscurso a la naci\u00f3n alemana\u201d, proyectado por los nazis con sus <em>Hitlerjugend <\/em>\u00a0e implantado por Mao Tse Tung\u00a0a trav\u00e9s de su revoluci\u00f3n cultural, imitada por los dirigentes separatistas antiespa\u00f1oles.<\/p>\n\n\n\n<p class=\"wp-block-paragraph\">En todos los casos de estatificaci\u00f3n de la ense\u00f1anza, el denominador com\u00fan ha sido la anulaci\u00f3n del derecho de los padres &nbsp;a educar a sus hijos. Arrebatarles la autoridad para que sea detentada por el Estado, quebrando la figura del padre, de la familia y, por supuesto, de la Iglesia, que es a la vez, madre y familia. Otra vez el progresismo erigiendo la figura del Estado docente para modelar a nuestros hijos con el objetivo, no de ense\u00f1ar, sino de adoctrinar. No de hacer ciudadanos m\u00e1s cultos o m\u00e1s sabios, sino, como dec\u00eda Marcel Cl\u00e8ment, \u201crehacer la sociedad con millares de amn\u00e9sicos borrando la memoria de la humanidad y destruyendo&nbsp;la herencia intelectual&nbsp;\u201d. Con todo, el peligro mayor es&nbsp;la indiferencia colectiva.<\/p>\n\n\n\n<p class=\"wp-block-paragraph\">Art\u00edculo publicado por Ra\u00fal Mayoral Benito en el diario digital El Imparcial el 22 de noviembre de 2020. <a href=\"https:\/\/www.elimparcial.es\/noticia\/219152\/opinion\/echarse-al-monte.html\">https:\/\/www.elimparcial.es\/noticia\/219152\/opinion\/echarse-al-monte.html<\/a><\/p>\n","protected":false},"excerpt":{"rendered":"<p>\u201cPepe, \u00bfno nos encontraremos a nadie?\u201d&nbsp;pregunta con miramientos la esposa al marido, ambos progresistas,&nbsp;al cruzar&nbsp;la verja del colegio privado y cat\u00f3lico al que acuden a matricular a sus hijos. Algo de furtivo y, a la vez,&nbsp;teatral e hip\u00f3crita sobresale en el esp\u00edritu progresista que, en el fondo,&nbsp;anhela&nbsp;vivir como un t\u00edo rico y de derechas. De [&hellip;]<\/p>\n","protected":false},"author":1,"featured_media":491,"comment_status":"open","ping_status":"open","sticky":false,"template":"","format":"standard","meta":{"_crdt_document":"","om_disable_all_campaigns":false,"_monsterinsights_skip_tracking":false,"_monsterinsights_sitenote_active":false,"_monsterinsights_sitenote_note":"","_monsterinsights_sitenote_category":0,"_uf_show_specific_survey":0,"_uf_disable_surveys":false,"jetpack_post_was_ever_published":false,"_jetpack_newsletter_access":"","_jetpack_dont_email_post_to_subs":false,"_jetpack_newsletter_tier_id":0,"_jetpack_memberships_contains_paywalled_content":false,"_jetpack_memberships_contains_paid_content":false,"footnotes":"","jetpack_publicize_message":"","jetpack_publicize_feature_enabled":true,"jetpack_social_post_already_shared":false,"jetpack_social_options":{"image_generator_settings":{"template":"highway","default_image_id":0,"font":"","enabled":false},"version":2}},"categories":[21,9],"tags":[],"class_list":["post-479","post","type-post","status-publish","format-standard","has-post-thumbnail","hentry","category-el-imparcial","category-hemeroteca-2"],"aioseo_notices":[],"jetpack_publicize_connections":[],"jetpack_featured_media_url":"https:\/\/i0.wp.com\/www.raulmayoral.es\/wp-content\/uploads\/2021\/01\/Celaa.jpg?fit=1024%2C512&ssl=1","jetpack-related-posts":[],"jetpack_sharing_enabled":true,"_links":{"self":[{"href":"https:\/\/www.raulmayoral.es\/index.php\/wp-json\/wp\/v2\/posts\/479","targetHints":{"allow":["GET"]}}],"collection":[{"href":"https:\/\/www.raulmayoral.es\/index.php\/wp-json\/wp\/v2\/posts"}],"about":[{"href":"https:\/\/www.raulmayoral.es\/index.php\/wp-json\/wp\/v2\/types\/post"}],"author":[{"embeddable":true,"href":"https:\/\/www.raulmayoral.es\/index.php\/wp-json\/wp\/v2\/users\/1"}],"replies":[{"embeddable":true,"href":"https:\/\/www.raulmayoral.es\/index.php\/wp-json\/wp\/v2\/comments?post=479"}],"version-history":[{"count":4,"href":"https:\/\/www.raulmayoral.es\/index.php\/wp-json\/wp\/v2\/posts\/479\/revisions"}],"predecessor-version":[{"id":2502,"href":"https:\/\/www.raulmayoral.es\/index.php\/wp-json\/wp\/v2\/posts\/479\/revisions\/2502"}],"wp:featuredmedia":[{"embeddable":true,"href":"https:\/\/www.raulmayoral.es\/index.php\/wp-json\/wp\/v2\/media\/491"}],"wp:attachment":[{"href":"https:\/\/www.raulmayoral.es\/index.php\/wp-json\/wp\/v2\/media?parent=479"}],"wp:term":[{"taxonomy":"category","embeddable":true,"href":"https:\/\/www.raulmayoral.es\/index.php\/wp-json\/wp\/v2\/categories?post=479"},{"taxonomy":"post_tag","embeddable":true,"href":"https:\/\/www.raulmayoral.es\/index.php\/wp-json\/wp\/v2\/tags?post=479"}],"curies":[{"name":"wp","href":"https:\/\/api.w.org\/{rel}","templated":true}]}}