{"id":500,"date":"2020-06-01T10:59:00","date_gmt":"2020-06-01T08:59:00","guid":{"rendered":"https:\/\/www.raulmayoral.es\/?p=500"},"modified":"2022-12-09T17:03:46","modified_gmt":"2022-12-09T16:03:46","slug":"buenos-politicos","status":"publish","type":"post","link":"https:\/\/www.raulmayoral.es\/index.php\/2020\/06\/01\/buenos-politicos\/","title":{"rendered":"Buenos pol\u00edticos"},"content":{"rendered":"\n<p class=\"wp-block-paragraph\">\u00bfQu\u00e9 est\u00e1 permitido en pol\u00edtica? \u00bfHacer el bien o el mal? \u00bfContribuir al bien com\u00fan o al bien propio y particular? Viendo el actual panorama de la pol\u00edtica en Espa\u00f1a la respuesta no est\u00e1 clara. Algunos pol\u00edticos buscan su bien particular, otros el bien de su partido. Con ello, unos y otros causan perjuicio a los ciudadanos y a la sociedad. Llevamos un tiempo en que nuestros dirigentes no hacen pol\u00edtica sino propaganda y viven entregados a sus regateos despreocup\u00e1ndose absolutamente del bien com\u00fan. Cuando se es pol\u00edtico y gobernante hay que subordinarse a las conveniencias superiores del bien p\u00fablico y ofrecer con garant\u00edas de honestidad un programa de buena gobernaci\u00f3n.<\/p>\n\n\n\n<p class=\"wp-block-paragraph\">\u00bfPor qu\u00e9 quienes ejercen el poder p\u00fablico no son personas espiritualmente eminentes y de car\u00e1cter firme? \u00bfPor qu\u00e9 no son personas de juicio justo y seguro, que resulten coherentes consigo mismo en todas las circunstancias? \u00bfPor qu\u00e9 no son personas de doctrina clara y sana, de designios rectil\u00edneos y de recta conciencia&nbsp;\u00bfPor qu\u00e9 no son personas capacitadas para ser gu\u00edas y dirigentes como genuinos representantes de los ciudadanos y no como simples mandatarios de la c\u00fapula de un partido? La sociedad ya est\u00e1 cansada de pol\u00edticos que no cesan en ofrecer mesianismos falsos, en forjar vanas ilusiones y en vender humo. Hay un hartazgo en los ciudadanos ante dirigentes que dise\u00f1an estrategias de clientelismo para mantenerse en un poder desde el que son incapaces de servir a la comunidad. Echamos de menos a gobernantes que sean promotores de la prosperidad, del orden y de la justicia y funden toda su acci\u00f3n pol\u00edtica sobre la verdad.<\/p>\n\n\n\n<p class=\"wp-block-paragraph\">En la hora presente corremos el riesgo de que los pol\u00edticos prescindan de la sociedad e ignoren totalmente las necesidades de sus gobernados. Ya no reclamamos que en el gobierno de la naci\u00f3n se acumule una gran sabidur\u00eda pol\u00edtica. Es un reto de dif\u00edcil consecuci\u00f3n. Tan solo pedimos que quienes gestionan la cosa p\u00fablica acierten a descubrir los males existentes, remediarlos en lo posible, intensificar los bienes reales y completar y acercar el consenso a un tipo ideal y benefactor para la sociedad. Pero para ello deben olvidarse de que son hombres de partido; que reparen en que no forman parte de un comit\u00e9 pol\u00edtico, sino que integran la soberan\u00eda nacional. Y esto significa que son los rectores de la vida del pa\u00eds y deben amparar a todos los que quieran vivir dentro de la Constituci\u00f3n y la Ley.<\/p>\n\n\n\n<p class=\"wp-block-paragraph\">Por eso, un gobernante no debe hacer distinciones desde el poder entre qui\u00e9n es su amigo o su enemigo particular o pol\u00edtico. Nada hay m\u00e1s disolvente en una sociedad que la sensaci\u00f3n de que los gobernantes, como tales, se gu\u00edan en el momento de la acci\u00f3n pol\u00edtica por criterios partidistas y no de servicio al bien com\u00fan. Porque el pol\u00edtico, el buen pol\u00edtico, representa al bien com\u00fan.<\/p>\n\n\n\n<p class=\"wp-block-paragraph\">Art\u00edculo publicado por Ra\u00fal Mayoral Benito en el diario digital El Imparcial de 9 de septiembre de 2019. <a href=\"https:\/\/www.elimparcial.es\/noticia\/204680\/opinion\/buenos-politicos.html\">https:\/\/www.elimparcial.es\/noticia\/204680\/opinion\/buenos-politicos.html<\/a><\/p>\n","protected":false},"excerpt":{"rendered":"<p>\u00bfQu\u00e9 est\u00e1 permitido en pol\u00edtica? \u00bfHacer el bien o el mal? \u00bfContribuir al bien com\u00fan o al bien propio y particular? Viendo el actual panorama de la pol\u00edtica en Espa\u00f1a la respuesta no est\u00e1 clara. Algunos pol\u00edticos buscan su bien particular, otros el bien de su partido. Con ello, unos y otros causan perjuicio a [&hellip;]<\/p>\n","protected":false},"author":1,"featured_media":504,"comment_status":"open","ping_status":"open","sticky":false,"template":"","format":"standard","meta":{"_crdt_document":"","om_disable_all_campaigns":false,"_monsterinsights_skip_tracking":false,"_monsterinsights_sitenote_active":false,"_monsterinsights_sitenote_note":"","_monsterinsights_sitenote_category":0,"_uf_show_specific_survey":0,"_uf_disable_surveys":false,"jetpack_post_was_ever_published":false,"_jetpack_newsletter_access":"","_jetpack_dont_email_post_to_subs":false,"_jetpack_newsletter_tier_id":0,"_jetpack_memberships_contains_paywalled_content":false,"_jetpack_memberships_contains_paid_content":false,"footnotes":"","jetpack_publicize_message":"","jetpack_publicize_feature_enabled":true,"jetpack_social_post_already_shared":false,"jetpack_social_options":{"image_generator_settings":{"template":"highway","default_image_id":0,"font":"","enabled":false},"version":2}},"categories":[21,9],"tags":[],"class_list":["post-500","post","type-post","status-publish","format-standard","has-post-thumbnail","hentry","category-el-imparcial","category-hemeroteca-2"],"aioseo_notices":[],"jetpack_publicize_connections":[],"jetpack_featured_media_url":"https:\/\/i0.wp.com\/www.raulmayoral.es\/wp-content\/uploads\/2020\/06\/Buenos-politicos.jpg?fit=1280%2C740&ssl=1","jetpack-related-posts":[],"jetpack_sharing_enabled":true,"_links":{"self":[{"href":"https:\/\/www.raulmayoral.es\/index.php\/wp-json\/wp\/v2\/posts\/500","targetHints":{"allow":["GET"]}}],"collection":[{"href":"https:\/\/www.raulmayoral.es\/index.php\/wp-json\/wp\/v2\/posts"}],"about":[{"href":"https:\/\/www.raulmayoral.es\/index.php\/wp-json\/wp\/v2\/types\/post"}],"author":[{"embeddable":true,"href":"https:\/\/www.raulmayoral.es\/index.php\/wp-json\/wp\/v2\/users\/1"}],"replies":[{"embeddable":true,"href":"https:\/\/www.raulmayoral.es\/index.php\/wp-json\/wp\/v2\/comments?post=500"}],"version-history":[{"count":2,"href":"https:\/\/www.raulmayoral.es\/index.php\/wp-json\/wp\/v2\/posts\/500\/revisions"}],"predecessor-version":[{"id":1377,"href":"https:\/\/www.raulmayoral.es\/index.php\/wp-json\/wp\/v2\/posts\/500\/revisions\/1377"}],"wp:featuredmedia":[{"embeddable":true,"href":"https:\/\/www.raulmayoral.es\/index.php\/wp-json\/wp\/v2\/media\/504"}],"wp:attachment":[{"href":"https:\/\/www.raulmayoral.es\/index.php\/wp-json\/wp\/v2\/media?parent=500"}],"wp:term":[{"taxonomy":"category","embeddable":true,"href":"https:\/\/www.raulmayoral.es\/index.php\/wp-json\/wp\/v2\/categories?post=500"},{"taxonomy":"post_tag","embeddable":true,"href":"https:\/\/www.raulmayoral.es\/index.php\/wp-json\/wp\/v2\/tags?post=500"}],"curies":[{"name":"wp","href":"https:\/\/api.w.org\/{rel}","templated":true}]}}