{"id":505,"date":"2020-07-01T13:50:00","date_gmt":"2020-07-01T11:50:00","guid":{"rendered":"https:\/\/www.raulmayoral.es\/?p=505"},"modified":"2022-03-16T14:20:46","modified_gmt":"2022-03-16T13:20:46","slug":"paz-de-eta","status":"publish","type":"post","link":"https:\/\/www.raulmayoral.es\/index.php\/2020\/07\/01\/paz-de-eta\/","title":{"rendered":"Paz de ETA"},"content":{"rendered":"\n<p class=\"wp-block-paragraph\">El muro de Berl\u00edn no cay\u00f3; fue derribado por la libertad. ETA no dej\u00f3 de matar; fue desarticulada por el Estado de Derecho y deslegitimada por la esperanza, generosidad, constancia, sacrificio, disciplina y cooperaci\u00f3n de las v\u00edctimas. Sin arrepentimiento de los verdugos no habr\u00e1 paz porque no hay paz sin justicia. No hay paz si sobre ella se prolonga el rencor de la lucha (Alsasua). No hay paz sin desarme psicol\u00f3gico e ideol\u00f3gico. No se oyen disparos ni explosiones, pero s\u00ed voces con resentimiento de quienes jalearon a los pistoleros. El funesto nacionalismo separatista y excluyente pervive incompatible con democracia y libertad.<\/p>\n\n\n\n<p class=\"wp-block-paragraph\">Que prosiga la acci\u00f3n de la Justicia. Con memoria hist\u00f3rica ochenta a\u00f1os atr\u00e1s \u00bfc\u00f3mo olvidarnos de cr\u00edmenes de hace cuarenta? Faltan a\u00fan procesos judiciales en los que juzgar y sentenciar al terrorismo de ETA. Y faltan delincuentes etarras que cumplan sus condenas. Lo contrario es injusticia e infamia. Como infamantes son la manipulaci\u00f3n del lenguaje, el falso pacifismo y el <em>buenismo <\/em>de los corifeos del terror. <em>Con palabras se inventa un sistema<\/em>&nbsp;dice Mefist\u00f3feles a Fausto. Con sistem\u00e1tica perversi\u00f3n algunos pretenden con buenas palabras disfrazar malas acciones continuando la extensi\u00f3n del mal. Bajo un pacifismo blandengue, recostado en claudicaciones, late el desorden y la injusticia, nunca la verdadera paz.<\/p>\n\n\n\n<p class=\"wp-block-paragraph\">Con sus desquiciados y acomodaticios dogmas, los criminales de ETA pretenden quebrantar el valladar moral de una civilizaci\u00f3n. Debemos practicar el an\u00e1lisis minucioso y la cr\u00edtica implacable ante esa maliciosa y nauseabunda escuela de frivolidad trivial en que se han convertido. Falsos maestros, otrora asesinos, hoy francotiradores agazapados en las trincheras del odio que, desdibujando l\u00edmites y diferencias patentes, pretenden adoctrinar a una confiada o atemorizada ciudadan\u00eda mediante una destructora desviaci\u00f3n de los criterios sobre el bien y el mal. Siempre habr\u00e1 ingenuos proclives a ceder ante la serpiente etarra que se disfraza de paloma de la paz. Y qu\u00e9 decir de esos prelados que todav\u00eda creen posible repartir a medias el rancho separatista y el credo cat\u00f3lico. Cesen en su desorientaci\u00f3n perturbadora de almas con sus sinuosos errores, sus herej\u00edas larvadas y su falta de vida profunda. Int\u00e9grense en una Iglesia como escuela de santidad. Porque m\u00e1s hacen por el mundo los que oran que los que pelean.<\/p>\n\n\n\n<p class=\"wp-block-paragraph\">Nacionalismo y populismo, dos virus que aquejaron a Europa en el siglo XX, dos caras de la misma moneda, el totalitarismo, que desgraciadamente vuelve a emerger entre los europeos. En Espa\u00f1a padecemos a ambos. Dos males que se han apareado para enaltecer otra supercher\u00eda m\u00e1s de la agonizante banda asesina con esa superficialidad insoportable a que nos tienen acostumbrados: <em>Paz por presos a la calle<\/em>. La resistencia a tiempo ante quienes pretenden comprar la paz ef\u00edmera de un d\u00eda, hipotecando la de los a\u00f1os venideros, es la mejor manera de asegurar la paz justa. Estamos con las v\u00edctimas: No deseamos la paz ni a\u00fan a costa de la justicia. Porque para defender la civilizaci\u00f3n no se puede ser profundamente incivilizado.<\/p>\n\n\n\n<p class=\"wp-block-paragraph\">Art\u00edculo publicado por Ra\u00fal Mayoral Benito en el diario digital El Imparcial el 6 de mayo de 2018. <a href=\"https:\/\/www.elimparcial.es\/noticia\/189415\/opinion\/paz-de-eta.html\">https:\/\/www.elimparcial.es\/noticia\/189415\/opinion\/paz-de-eta.html<\/a><\/p>\n\n\n\n<p class=\"wp-block-paragraph\">Fuente grafica: El Confidencial.<\/p>\n","protected":false},"excerpt":{"rendered":"<p>El muro de Berl\u00edn no cay\u00f3; fue derribado por la libertad. ETA no dej\u00f3 de matar; fue desarticulada por el Estado de Derecho y deslegitimada por la esperanza, generosidad, constancia, sacrificio, disciplina y cooperaci\u00f3n de las v\u00edctimas. Sin arrepentimiento de los verdugos no habr\u00e1 paz porque no hay paz sin justicia. No hay paz si [&hellip;]<\/p>\n","protected":false},"author":1,"featured_media":506,"comment_status":"open","ping_status":"open","sticky":false,"template":"","format":"standard","meta":{"_crdt_document":"","om_disable_all_campaigns":false,"_monsterinsights_skip_tracking":false,"_monsterinsights_sitenote_active":false,"_monsterinsights_sitenote_note":"","_monsterinsights_sitenote_category":0,"_uf_show_specific_survey":0,"_uf_disable_surveys":false,"jetpack_post_was_ever_published":false,"_jetpack_newsletter_access":"","_jetpack_dont_email_post_to_subs":false,"_jetpack_newsletter_tier_id":0,"_jetpack_memberships_contains_paywalled_content":false,"_jetpack_memberships_contains_paid_content":false,"footnotes":"","jetpack_publicize_message":"","jetpack_publicize_feature_enabled":true,"jetpack_social_post_already_shared":false,"jetpack_social_options":{"image_generator_settings":{"template":"highway","default_image_id":0,"font":"","enabled":false},"version":2}},"categories":[21,9],"tags":[],"class_list":["post-505","post","type-post","status-publish","format-standard","has-post-thumbnail","hentry","category-el-imparcial","category-hemeroteca-2"],"aioseo_notices":[],"jetpack_publicize_connections":[],"jetpack_featured_media_url":"https:\/\/i0.wp.com\/www.raulmayoral.es\/wp-content\/uploads\/2021\/04\/paz-de-ETA.jpg?fit=557%2C418&ssl=1","jetpack-related-posts":[],"jetpack_sharing_enabled":true,"_links":{"self":[{"href":"https:\/\/www.raulmayoral.es\/index.php\/wp-json\/wp\/v2\/posts\/505","targetHints":{"allow":["GET"]}}],"collection":[{"href":"https:\/\/www.raulmayoral.es\/index.php\/wp-json\/wp\/v2\/posts"}],"about":[{"href":"https:\/\/www.raulmayoral.es\/index.php\/wp-json\/wp\/v2\/types\/post"}],"author":[{"embeddable":true,"href":"https:\/\/www.raulmayoral.es\/index.php\/wp-json\/wp\/v2\/users\/1"}],"replies":[{"embeddable":true,"href":"https:\/\/www.raulmayoral.es\/index.php\/wp-json\/wp\/v2\/comments?post=505"}],"version-history":[{"count":2,"href":"https:\/\/www.raulmayoral.es\/index.php\/wp-json\/wp\/v2\/posts\/505\/revisions"}],"predecessor-version":[{"id":508,"href":"https:\/\/www.raulmayoral.es\/index.php\/wp-json\/wp\/v2\/posts\/505\/revisions\/508"}],"wp:featuredmedia":[{"embeddable":true,"href":"https:\/\/www.raulmayoral.es\/index.php\/wp-json\/wp\/v2\/media\/506"}],"wp:attachment":[{"href":"https:\/\/www.raulmayoral.es\/index.php\/wp-json\/wp\/v2\/media?parent=505"}],"wp:term":[{"taxonomy":"category","embeddable":true,"href":"https:\/\/www.raulmayoral.es\/index.php\/wp-json\/wp\/v2\/categories?post=505"},{"taxonomy":"post_tag","embeddable":true,"href":"https:\/\/www.raulmayoral.es\/index.php\/wp-json\/wp\/v2\/tags?post=505"}],"curies":[{"name":"wp","href":"https:\/\/api.w.org\/{rel}","templated":true}]}}