{"id":561,"date":"2021-01-30T09:14:00","date_gmt":"2021-01-30T08:14:00","guid":{"rendered":"https:\/\/www.raulmayoral.es\/?p=561"},"modified":"2022-07-30T11:13:58","modified_gmt":"2022-07-30T09:13:58","slug":"parece-mentira","status":"publish","type":"post","link":"https:\/\/www.raulmayoral.es\/index.php\/2021\/01\/30\/parece-mentira\/","title":{"rendered":"Parece mentira"},"content":{"rendered":"\n<p class=\"wp-block-paragraph\">\u201cTodo lo que es mentira es vejez\u201d, dec\u00eda el humanista Ram\u00f3n P\u00e9rez de Ayala. Padecemos un Gobierno que se nos cae de viejo. Menos de un a\u00f1o al frente de los designios p\u00fablicos y ya muestra s\u00edntomas de senilidad. Es una patolog\u00eda que se repite siglo tras siglo: un vacuo inconsolable al mando, que desprecia con insolencia cualquier asidero \u00e9tico o contrafuerte moral. Y ante \u00e9l, nadie osa tomar la palabra, porque se cree ungido por los dioses y en poder de la raz\u00f3n. Y claro, la discrepancia ya no se tolera. Para la disidencia preparar\u00e1n vagones de ganado. Y cuando solo cabe la ciega obediencia, la verdad se ausenta, bati\u00e9ndose en retirada y la mentira lo invade y ocupa todo, primando la sospecha sobre lo que ofende o cuestiona la hegemon\u00eda del mando.<\/p>\n\n\n\n<p class=\"wp-block-paragraph\">Se dinamitan las l\u00edneas divisorias entre la verdad y la mentira. La mentira pasa ahora por verdad y la verdad por mentira. Zozobran las inteligencias y naufragan los corazones. \u201cAnhelamos la verdad porque en nosotros tan solo encontramos la felicidad\u201d, expresaba Pascal. Lo mismo les&nbsp;sucede a&nbsp;los mentirosos, que parecen instalados en una confiada y alegre felicidad. Ficticia felicidad porque no puede ocultarse el inenarrable c\u00famulo de gesti\u00f3n en&nbsp;miseria, ruina y muerte. Se dedican a instituir el odio y el revanchismo como m\u00e9todo de conducta y la modorra y la anestesia como estrategia de manipulaci\u00f3n. Y para hallar la verdad, su verdad, crean un ente que pretende ser verdadero haci\u00e9ndonos comulgar con las ruedas de molino de que el camino m\u00e1s corto entre dos puntos es la l\u00ednea curva y no la recta. No hay mayor enga\u00f1o que la realidad que este desgobierno est\u00e1 <em>deconstruyendo <\/em>d\u00eda a d\u00eda a golpe de derribo contra la concordia y la legalidad.<\/p>\n\n\n\n<p class=\"wp-block-paragraph\">Estos aprendices trapisondistas han puesto&nbsp;la nada en movimiento. Y ya son los primeros de la nada. A su antojo, despegan la historia del \u00e1lbum callejero. Reforman la escuela sabiendo que, en virtud de ello, se har\u00e1n con la juventud, y quien es due\u00f1o de la juventud no tiene por qu\u00e9 temer el ma\u00f1ana. Con desprecio, tachan y damnifican a las v\u00edctimas, mientras con tozudez ensalzan y justifican a los verdugos. En este reino de la inmoralidad&nbsp;sobresale la f\u00e9rrea tutela sobre un inerme grupo parlamentario ya enajenado, porque ha renunciado a hacerse preguntas temeroso o inquieto por las respuestas.<\/p>\n\n\n\n<p class=\"wp-block-paragraph\">Quien monta un tigre no puede descabalgar cuando se le antoja, dice un proverbio indio. El final de esta trayectoria de ruina y llanto es el abismo. El hundimiento se percibe con exactitud porque la mentira pesa m\u00e1s que la verdad. Porque la injusticia disfrazada de justicia mona se queda. Ese vacuo inconsolable camina torcidamente con sus complejos, su resentimiento y su pedanter\u00eda. Nos inunda con su gris mediocridad. Y con la voz que no influye, sino que imita al tonto de toda boda castiza, nos grita. \u201cViva yo\u201d. Parece mentira. Pero es verdad.<\/p>\n\n\n\n<p class=\"wp-block-paragraph\">Art\u00edculo publicado por Ra\u00fal Mayoral Benito en el diario digital El Imparcial el 15 de noviembre de 2020. <a href=\"https:\/\/www.elimparcial.es\/noticia\/218923\/parece-mentira.html\">https:\/\/www.elimparcial.es\/noticia\/218923\/parece-mentira.html<\/a><\/p>\n","protected":false},"excerpt":{"rendered":"<p>\u201cTodo lo que es mentira es vejez\u201d, dec\u00eda el humanista Ram\u00f3n P\u00e9rez de Ayala. Padecemos un Gobierno que se nos cae de viejo. Menos de un a\u00f1o al frente de los designios p\u00fablicos y ya muestra s\u00edntomas de senilidad. Es una patolog\u00eda que se repite siglo tras siglo: un vacuo inconsolable al mando, que desprecia [&hellip;]<\/p>\n","protected":false},"author":1,"featured_media":1074,"comment_status":"open","ping_status":"open","sticky":false,"template":"","format":"standard","meta":{"_crdt_document":"","om_disable_all_campaigns":false,"_monsterinsights_skip_tracking":false,"_monsterinsights_sitenote_active":false,"_monsterinsights_sitenote_note":"","_monsterinsights_sitenote_category":0,"_uf_show_specific_survey":0,"_uf_disable_surveys":false,"jetpack_post_was_ever_published":false,"_jetpack_newsletter_access":"","_jetpack_dont_email_post_to_subs":false,"_jetpack_newsletter_tier_id":0,"_jetpack_memberships_contains_paywalled_content":false,"_jetpack_memberships_contains_paid_content":false,"footnotes":"","jetpack_publicize_message":"","jetpack_publicize_feature_enabled":true,"jetpack_social_post_already_shared":false,"jetpack_social_options":{"image_generator_settings":{"template":"highway","default_image_id":0,"font":"","enabled":false},"version":2}},"categories":[21,9],"tags":[],"class_list":["post-561","post","type-post","status-publish","format-standard","has-post-thumbnail","hentry","category-el-imparcial","category-hemeroteca-2"],"aioseo_notices":[],"jetpack_publicize_connections":[],"jetpack_featured_media_url":"https:\/\/i0.wp.com\/www.raulmayoral.es\/wp-content\/uploads\/2021\/01\/Parece-mentira-scaled.jpg?fit=2560%2C1706&ssl=1","jetpack-related-posts":[],"jetpack_sharing_enabled":true,"_links":{"self":[{"href":"https:\/\/www.raulmayoral.es\/index.php\/wp-json\/wp\/v2\/posts\/561","targetHints":{"allow":["GET"]}}],"collection":[{"href":"https:\/\/www.raulmayoral.es\/index.php\/wp-json\/wp\/v2\/posts"}],"about":[{"href":"https:\/\/www.raulmayoral.es\/index.php\/wp-json\/wp\/v2\/types\/post"}],"author":[{"embeddable":true,"href":"https:\/\/www.raulmayoral.es\/index.php\/wp-json\/wp\/v2\/users\/1"}],"replies":[{"embeddable":true,"href":"https:\/\/www.raulmayoral.es\/index.php\/wp-json\/wp\/v2\/comments?post=561"}],"version-history":[{"count":1,"href":"https:\/\/www.raulmayoral.es\/index.php\/wp-json\/wp\/v2\/posts\/561\/revisions"}],"predecessor-version":[{"id":563,"href":"https:\/\/www.raulmayoral.es\/index.php\/wp-json\/wp\/v2\/posts\/561\/revisions\/563"}],"wp:featuredmedia":[{"embeddable":true,"href":"https:\/\/www.raulmayoral.es\/index.php\/wp-json\/wp\/v2\/media\/1074"}],"wp:attachment":[{"href":"https:\/\/www.raulmayoral.es\/index.php\/wp-json\/wp\/v2\/media?parent=561"}],"wp:term":[{"taxonomy":"category","embeddable":true,"href":"https:\/\/www.raulmayoral.es\/index.php\/wp-json\/wp\/v2\/categories?post=561"},{"taxonomy":"post_tag","embeddable":true,"href":"https:\/\/www.raulmayoral.es\/index.php\/wp-json\/wp\/v2\/tags?post=561"}],"curies":[{"name":"wp","href":"https:\/\/api.w.org\/{rel}","templated":true}]}}