{"id":576,"date":"2021-01-31T11:37:00","date_gmt":"2021-01-31T10:37:00","guid":{"rendered":"https:\/\/www.raulmayoral.es\/?p=576"},"modified":"2021-05-05T11:42:36","modified_gmt":"2021-05-05T09:42:36","slug":"la-toma-de-madrid","status":"publish","type":"post","link":"https:\/\/www.raulmayoral.es\/index.php\/2021\/01\/31\/la-toma-de-madrid\/","title":{"rendered":"La toma de Madrid"},"content":{"rendered":"\n<p class=\"wp-block-paragraph\">Igual que Franco tom\u00f3 Madrid, lo mismo pretende el Caudillo S\u00e1nchez. Con parte de guerra incluido porque va camino de la inmortalidad. Sus huestes aguardan en Cerro Garabitas a que aparezca \u00e9l campeando a lomos de una tesis doctoral. Tan aut\u00e9ntica como un Comit\u00e9 cient\u00edfico asesorando al Ministro de Sanidad, que d\u00eda tras d\u00eda nos demuestra tener vac\u00edos los aposentos de la cabeza. El doctorcito <em>cum laude<\/em>&nbsp;desprecia&nbsp;entrar en&nbsp;Barcelona o Valencia; tampoco en aquellas&nbsp;Comunidades Aut\u00f3nomas que, como&nbsp;Castilla La Mancha o Andaluc\u00eda, padecen de tasas de contagios iguales o superiores a las de la capital. No.&nbsp;Nuestro Adonis suspira por Madrid. Y persigue doblegarlo como a una curva de<em>&nbsp;cayetanos<\/em>&nbsp;prevali\u00e9ndose de Comit\u00e9s de expertos ideol\u00f3gicos, todos ellos peritos en discordias y revanchas.&nbsp;Su terapia contra el virus ser\u00eda azotarlo hasta que sangrara.<\/p>\n\n\n\n<p class=\"wp-block-paragraph\">Quienes han fracasado en combatir la pandemia a lo ancho del territorio nacional, adoptando con impertinente retraso un revoltijo de medidas&nbsp;y contramedidas, propias de un mando pol\u00edtico, y no cient\u00edfico, arrojando un saldo de 53.000 fallecidos, exigen ahora que en la Comunidad de Madrid se apliquen los m\u00e9todos que ellos quieren. No velan por la salud, sino por el hundimiento de una regi\u00f3n que es la locomotora de Espa\u00f1a. Para mayor desverg\u00fcenza, esbirros al servicio de su plan se aplican al desorden en las calles. Ya es lamentable que un presidente del Gobierno desempolve aquel traje de demagogo opositor que visti\u00f3 contra Rajoy cuando lo del \u00e9bola para exhibirlo frente a una presidente regional. Y quiz\u00e1s, hasta de regional. Como \u00e9l.<\/p>\n\n\n\n<p class=\"wp-block-paragraph\"><br>A&nbsp;los de Moncloa, algo les debe haber salido mal en sus maquinaciones e intrigas para que pisen el acelerador del enfrentamiento y la revoluci\u00f3n tan a fondo. Negociar los Presupuestos con separatistas y terroristas, impedir al Rey asistir a un acto judicial en Barcelona, acercar presos etarras al Pa\u00eds Vasco, preparar el indulto en favor de los golpistas, hasta cambiar al embajador en Venezuela. Todo en dos telediarios. Acciones todas ellas tendentes a dinamitar&nbsp;el r\u00e9gimen constitucional nacido de la Transici\u00f3n y&nbsp;cambiarlo por la \u201crepubliqueta\u201d de Iglesias. Aderezado con frase lapidaria que, lejos de sonar a pron\u00f3stico deportivo, se revela como la reedici\u00f3n de una amenaza <em>guerracivilista<\/em>: \u201cUstedes no volver\u00e1n al Consejo de Ministros\u201d. No solo ese lenguaje de tipo achulado, tambi\u00e9n las ma\u00f1as de estos gobernantes nos recuerdan a la peor tradici\u00f3n de soeces provocaciones propias de agitadores&nbsp;nazis y sovi\u00e9ticos encaramados en una tribuna.&nbsp;<\/p>\n\n\n\n<p class=\"wp-block-paragraph\">Ante la prensa, y tras la reuni\u00f3n en la sede de la presidencia de la Comunidad de Madrid, dijo S\u00e1nchez: \u201cLa voluntad del Gobierno es respetar el \u00e1mbito competencial de Madrid. Estamos aqu\u00ed para apoyar, ayudar, no para tutelar ni evaluar ni mucho menos para suplantar a Madrid, que tiene sus facultades reconocidas en la ley\u201d. En el Quijote, para indicar que una cosa es mentira,\u00a0se dec\u00eda que la afirmaba Turp\u00edn. Deb\u00eda ser \u00e9ste un personaje cortado por el mismo patr\u00f3n que el Caudillo S\u00e1nchez.\u00a0<\/p>\n\n\n\n<p class=\"wp-block-paragraph\">Art\u00edculo publicado por Ra\u00fal Mayoral Benito en el diario digital El Imparcial el 27 de septiembre de 2020. <a href=\"https:\/\/www.elimparcial.es\/noticia\/217200\/opinion\/la-toma-de-madrid.html\">https:\/\/www.elimparcial.es\/noticia\/217200\/opinion\/la-toma-de-madrid.html<\/a><\/p>\n","protected":false},"excerpt":{"rendered":"<p>Igual que Franco tom\u00f3 Madrid, lo mismo pretende el Caudillo S\u00e1nchez. Con parte de guerra incluido porque va camino de la inmortalidad. Sus huestes aguardan en Cerro Garabitas a que aparezca \u00e9l campeando a lomos de una tesis doctoral. Tan aut\u00e9ntica como un Comit\u00e9 cient\u00edfico asesorando al Ministro de Sanidad, que d\u00eda tras d\u00eda nos [&hellip;]<\/p>\n","protected":false},"author":1,"featured_media":577,"comment_status":"open","ping_status":"open","sticky":false,"template":"","format":"standard","meta":{"_crdt_document":"","om_disable_all_campaigns":false,"_monsterinsights_skip_tracking":false,"_monsterinsights_sitenote_active":false,"_monsterinsights_sitenote_note":"","_monsterinsights_sitenote_category":0,"_uf_show_specific_survey":0,"_uf_disable_surveys":false,"jetpack_post_was_ever_published":false,"_jetpack_newsletter_access":"","_jetpack_dont_email_post_to_subs":false,"_jetpack_newsletter_tier_id":0,"_jetpack_memberships_contains_paywalled_content":false,"_jetpack_memberships_contains_paid_content":false,"footnotes":"","jetpack_publicize_message":"","jetpack_publicize_feature_enabled":true,"jetpack_social_post_already_shared":false,"jetpack_social_options":{"image_generator_settings":{"template":"highway","default_image_id":0,"font":"","enabled":false},"version":2}},"categories":[21,9],"tags":[],"class_list":["post-576","post","type-post","status-publish","format-standard","has-post-thumbnail","hentry","category-el-imparcial","category-hemeroteca-2"],"aioseo_notices":[],"jetpack_publicize_connections":[],"jetpack_featured_media_url":"https:\/\/i0.wp.com\/www.raulmayoral.es\/wp-content\/uploads\/2021\/05\/La-toma-de-Madrid.jpg?fit=655%2C368&ssl=1","jetpack-related-posts":[],"jetpack_sharing_enabled":true,"_links":{"self":[{"href":"https:\/\/www.raulmayoral.es\/index.php\/wp-json\/wp\/v2\/posts\/576","targetHints":{"allow":["GET"]}}],"collection":[{"href":"https:\/\/www.raulmayoral.es\/index.php\/wp-json\/wp\/v2\/posts"}],"about":[{"href":"https:\/\/www.raulmayoral.es\/index.php\/wp-json\/wp\/v2\/types\/post"}],"author":[{"embeddable":true,"href":"https:\/\/www.raulmayoral.es\/index.php\/wp-json\/wp\/v2\/users\/1"}],"replies":[{"embeddable":true,"href":"https:\/\/www.raulmayoral.es\/index.php\/wp-json\/wp\/v2\/comments?post=576"}],"version-history":[{"count":1,"href":"https:\/\/www.raulmayoral.es\/index.php\/wp-json\/wp\/v2\/posts\/576\/revisions"}],"predecessor-version":[{"id":578,"href":"https:\/\/www.raulmayoral.es\/index.php\/wp-json\/wp\/v2\/posts\/576\/revisions\/578"}],"wp:featuredmedia":[{"embeddable":true,"href":"https:\/\/www.raulmayoral.es\/index.php\/wp-json\/wp\/v2\/media\/577"}],"wp:attachment":[{"href":"https:\/\/www.raulmayoral.es\/index.php\/wp-json\/wp\/v2\/media?parent=576"}],"wp:term":[{"taxonomy":"category","embeddable":true,"href":"https:\/\/www.raulmayoral.es\/index.php\/wp-json\/wp\/v2\/categories?post=576"},{"taxonomy":"post_tag","embeddable":true,"href":"https:\/\/www.raulmayoral.es\/index.php\/wp-json\/wp\/v2\/tags?post=576"}],"curies":[{"name":"wp","href":"https:\/\/api.w.org\/{rel}","templated":true}]}}