{"id":588,"date":"2020-08-07T22:51:00","date_gmt":"2020-08-07T20:51:00","guid":{"rendered":"https:\/\/www.raulmayoral.es\/?p=588"},"modified":"2024-01-13T17:02:59","modified_gmt":"2024-01-13T16:02:59","slug":"el-hundimiento","status":"publish","type":"post","link":"https:\/\/www.raulmayoral.es\/index.php\/2020\/08\/07\/el-hundimiento\/","title":{"rendered":"El hundimiento"},"content":{"rendered":"\n<p class=\"wp-block-paragraph\"><strong>Page<\/strong>, <strong>Vara<\/strong>, \u00bfpor qu\u00e9 os hab\u00e9is radicalizado tanto? Espa\u00f1a no os pide que ech\u00e9is agua al vino socialista, pero tampoco gasolina al fuego <em>guerracivilista<\/em>&nbsp;provocado por aquellas brasas que aviv\u00f3 <strong>Zapatero<\/strong>. Tach\u00e1is de extrema a una derecha y os situ\u00e1is justo enfrente. La pen\u00faltima de S\u00e1nchez os ha descolocado \u00bfverdad? A\u00fan habr\u00e1 <em>adrianos <\/em>como <strong>Lastra<\/strong>, que siempre y en todo lugar crean en<strong> S\u00e1nchez<\/strong>; que no quieran saber, no quieran pensar, solo creer. Pero vosotros ten\u00e9is estudios \u00bfy decencia? &nbsp;Parafraseando nost\u00e1lgicamente a <strong>Gonz\u00e1lez<\/strong>, hay que ser socialista, no <em>sanchista<\/em>. \u00bfPor qu\u00e9 no le dais el pasaporte? Una moci\u00f3n de censura y que nos gobierne un socialista de los de antes, leal con la Constituci\u00f3n y promotor de concordia, no de divisi\u00f3n. Un gran reserva. Espa\u00f1a os lo agradecer\u00eda. &nbsp;<\/p>\n\n\n\n<p class=\"wp-block-paragraph\">Cuenta <strong>Applebaum<\/strong> en <em>El tel\u00f3n de acero<\/em>, que el mayor ejercicio de incoherencia protagonizado por la izquierda tuvo lugar con el Pacto entre <strong>Hitler<\/strong> y <strong>Stalin<\/strong> en 1939. De la noche a la ma\u00f1ana los partidos comunistas de todo el mundo recibieron la orden de atenuar sus cr\u00edticas al fascismo. Los Frentes Populares deb\u00edan abandonarse por completo. La propia Komintern vacilaba sobre su declaraci\u00f3n y redact\u00f3 y volvi\u00f3 a redactar el borrador de sus nuevas \u201ctesis\u201d tantas veces, que un miembro del Politbur\u00f3 se quej\u00f3 mordazmente argumentando que \u201ca estas horas el camarada <strong>Stalin <\/strong>ya habr\u00eda escrito un libro entero\u201d. En Mosc\u00fa se llevaban a cabo grandes esfuerzos para mantener la moral. Algo parecido a lo que sucedi\u00f3 en Mosc\u00fa, debi\u00f3 de pasar en Moncloa y Ferraz. \u00a1A ver c\u00f3mo arreglan el desaguisado! Aunque <strong>S\u00e1nchez<\/strong> no es <strong>Stalin <\/strong>porque es incapaz de escribir un libro entero sin copiar de otros.<\/p>\n\n\n\n<p class=\"wp-block-paragraph\">Reciente el ataque etarra al domicilio de la l\u00edder del socialismo vasco y presentes en la memoria los socialistas asesinados por ETA, \u00bfqu\u00e9 &nbsp;impulsa a <strong>S\u00e1nchez <\/strong>a pactar con los proetarras de Bildu? \u00bfPor qu\u00e9 esa miserable preferencia por quienes jam\u00e1s condenan el asesinato? No son bandazos de sujeto err\u00e1tico o desquiciado, sino premeditados y milim\u00e9tricos planes perversos de quien solo se alimenta de odio y vive por y para el poder. Los de Ciudadanos creyendo contentar a la fiera, han sido devorados por ella. Resulta vomitivo con quien compadrea y con lo que mercadea. Ha pactado quitarle los respiradores a la econom\u00eda nacional. No urge derogar la reforma laboral y adem\u00e1s es contraproducente. <strong>Page, Vara<\/strong>, que la Uni\u00f3n Europea siempre alab\u00f3 esa reforma. No calent\u00e9is m\u00e1s el horno que no est\u00e1 para bollos. &nbsp;<\/p>\n\n\n\n<p class=\"wp-block-paragraph\">Si antes de una votaci\u00f3n, alguien tiene preparada tras una cortina una urna llena de votos, la inmoralidad no tardar\u00e1, no ha tardado, en expandirse como una epidemia. (<strong>Page, Vara<\/strong>, ojal\u00e1 dierais negativo). Y ya todo vale. Y se har\u00e1 lo que haga falta, cuando haga falta y donde haga falta. El hundimiento institucional padecido por el Gobierno es consecuencia del hundimiento moral de quien lo preside. Por cierto, en el lado alem\u00e1n, la alianza con <strong>Stalin<\/strong> no indign\u00f3 a nadie. Se la consider\u00f3 genial o una ocurrencia extraordinariamente divertida. <strong>Page, Vara<\/strong>\u2026<\/p>\n\n\n\n<p class=\"wp-block-paragraph\">Art\u00edculo publicado por Ra\u00fal Mayoral Benito en el diario digital El Imparcial el 21 de mayo de 2020. <a href=\"https:\/\/www.elimparcial.es\/noticia\/213304\/opinion\/el-hundimiento.html\">https:\/\/www.elimparcial.es\/noticia\/213304\/opinion\/el-hundimiento.html<\/a><\/p>\n\n\n\n<p class=\"wp-block-paragraph\">Fuente gr\u00e1fica: Fernando Villar. EFE<\/p>\n","protected":false},"excerpt":{"rendered":"<p>Page, Vara, \u00bfpor qu\u00e9 os hab\u00e9is radicalizado tanto? Espa\u00f1a no os pide que ech\u00e9is agua al vino socialista, pero tampoco gasolina al fuego guerracivilista&nbsp;provocado por aquellas brasas que aviv\u00f3 Zapatero. Tach\u00e1is de extrema a una derecha y os situ\u00e1is justo enfrente. La pen\u00faltima de S\u00e1nchez os ha descolocado \u00bfverdad? A\u00fan habr\u00e1 adrianos como Lastra, que [&hellip;]<\/p>\n","protected":false},"author":1,"featured_media":589,"comment_status":"open","ping_status":"open","sticky":false,"template":"","format":"standard","meta":{"_crdt_document":"","om_disable_all_campaigns":false,"_monsterinsights_skip_tracking":false,"_monsterinsights_sitenote_active":false,"_monsterinsights_sitenote_note":"","_monsterinsights_sitenote_category":0,"_uf_show_specific_survey":0,"_uf_disable_surveys":false,"jetpack_post_was_ever_published":false,"_jetpack_newsletter_access":"","_jetpack_dont_email_post_to_subs":false,"_jetpack_newsletter_tier_id":0,"_jetpack_memberships_contains_paywalled_content":false,"_jetpack_memberships_contains_paid_content":false,"footnotes":"","jetpack_publicize_message":"","jetpack_publicize_feature_enabled":true,"jetpack_social_post_already_shared":false,"jetpack_social_options":{"image_generator_settings":{"template":"highway","default_image_id":0,"font":"","enabled":false},"version":2}},"categories":[21,9],"tags":[],"class_list":["post-588","post","type-post","status-publish","format-standard","has-post-thumbnail","hentry","category-el-imparcial","category-hemeroteca-2"],"aioseo_notices":[],"jetpack_publicize_connections":[],"jetpack_featured_media_url":"https:\/\/i0.wp.com\/www.raulmayoral.es\/wp-content\/uploads\/2021\/05\/el-hundimiento.jpg?fit=630%2C454&ssl=1","jetpack-related-posts":[],"jetpack_sharing_enabled":true,"_links":{"self":[{"href":"https:\/\/www.raulmayoral.es\/index.php\/wp-json\/wp\/v2\/posts\/588","targetHints":{"allow":["GET"]}}],"collection":[{"href":"https:\/\/www.raulmayoral.es\/index.php\/wp-json\/wp\/v2\/posts"}],"about":[{"href":"https:\/\/www.raulmayoral.es\/index.php\/wp-json\/wp\/v2\/types\/post"}],"author":[{"embeddable":true,"href":"https:\/\/www.raulmayoral.es\/index.php\/wp-json\/wp\/v2\/users\/1"}],"replies":[{"embeddable":true,"href":"https:\/\/www.raulmayoral.es\/index.php\/wp-json\/wp\/v2\/comments?post=588"}],"version-history":[{"count":4,"href":"https:\/\/www.raulmayoral.es\/index.php\/wp-json\/wp\/v2\/posts\/588\/revisions"}],"predecessor-version":[{"id":1592,"href":"https:\/\/www.raulmayoral.es\/index.php\/wp-json\/wp\/v2\/posts\/588\/revisions\/1592"}],"wp:featuredmedia":[{"embeddable":true,"href":"https:\/\/www.raulmayoral.es\/index.php\/wp-json\/wp\/v2\/media\/589"}],"wp:attachment":[{"href":"https:\/\/www.raulmayoral.es\/index.php\/wp-json\/wp\/v2\/media?parent=588"}],"wp:term":[{"taxonomy":"category","embeddable":true,"href":"https:\/\/www.raulmayoral.es\/index.php\/wp-json\/wp\/v2\/categories?post=588"},{"taxonomy":"post_tag","embeddable":true,"href":"https:\/\/www.raulmayoral.es\/index.php\/wp-json\/wp\/v2\/tags?post=588"}],"curies":[{"name":"wp","href":"https:\/\/api.w.org\/{rel}","templated":true}]}}