{"id":612,"date":"2020-02-13T10:00:00","date_gmt":"2020-02-13T09:00:00","guid":{"rendered":"https:\/\/www.raulmayoral.es\/?p=612"},"modified":"2021-05-13T10:37:18","modified_gmt":"2021-05-13T08:37:18","slug":"el-pueblo","status":"publish","type":"post","link":"https:\/\/www.raulmayoral.es\/index.php\/2020\/02\/13\/el-pueblo\/","title":{"rendered":"El pueblo"},"content":{"rendered":"\n<p class=\"wp-block-paragraph\">La \u00faltima vez que unos pol\u00edticos levantaron la falsa bandera de la defensa del pueblo lo entregaron luego atado de pies y manos al <em>lager <\/em>y al <em>gulag <\/em>(totalitarismos nazi y sovi\u00e9tico). El pueblo es a la ciencia pol\u00edtica lo que el perejil a la gastronom\u00eda: est\u00e1 en todas las salsas. Pero apenas se nota su protagonismo, que se levanta gigantesco como las olas para caer de inmediato y desaparecer; y el movimiento, que hubiera entusiasmado desde el primer momento, acaba por decepcionar.<\/p>\n\n\n\n<p class=\"wp-block-paragraph\">Como si fuera un efecto domin\u00f3, Europa habla del pueblo y contagia a los USA. <strong>Marine Le Pen<\/strong>, aspirante a <em>ballotage,<\/em>&nbsp;se consagra como <em>youtuber<\/em>&nbsp;hablando en nombre del pueblo. Al otro lado del Atl\u00e1ntico \u00bfv\u00ednculo transatl\u00e1ntico? <strong>Donald Trump<\/strong> dice que <em>la prensa no habla en nombre del pueblo<\/em>. Es nombrar al pueblo, y agarrarse a la cartera o sacar el rev\u00f3lver a lo <strong>Goebbles<\/strong>. Nuestra democracia tambi\u00e9n padeci\u00f3 su desvar\u00edo con <em>Rumasa pal pueblo<\/em>, de <strong>Alfonso Guerra<\/strong>, qui\u00e9n antes hab\u00eda suicidado a <strong>Montesquieu <\/strong>y el ideal de la divisi\u00f3n de poderes, que algunos pensaron que eran el Madr\u00ed y el Bar\u00e7a reparti\u00e9ndose trofeos. No, eran los jueces y la televisi\u00f3n, que <strong>Guerra<\/strong> siempre represent\u00f3 a las \u00e9lites, con el <em>caf\u00e9 de mi enmano<\/em>&nbsp;de por medio, legado del CAF\u00c9 de la Falange y del caf\u00e9 para todos del azul <strong>Su\u00e1rez<\/strong>.<\/p>\n\n\n\n<p class=\"wp-block-paragraph\">Del pueblo como sujeto pol\u00edtico pasamos a la gente como sujeto recipiendario del bienestar que pretende <strong>Pablo Iglesias<\/strong> (<em>Virgencita que me quede como estoy<\/em>), con un Podemos podado tras la purga de los <em>Kadetes <\/em>errejonistas. C\u00f3mo nos recuerda ese estilo de pijos decr\u00e9pitos de los dirigentes de Podemos al grupo Viva la gente, aunque luego ser\u00eda <strong>Mar\u00eda Ostiz<\/strong> (<em>Un pueblo es<\/em>) la que volver\u00eda a encumbrar a la ciudadan\u00eda como agente de acci\u00f3n pol\u00edtica. Si bien <strong>Los Panchos<\/strong> (<em>Me voy pal pueblo<\/em>) lo emplearon, no como arma ideol\u00f3gica, sino como locativo. Su <em>alma, coraz\u00f3n y vida <\/em>es una trilog\u00eda de valores inquebrantables rechazada por el popular (de pueblo) <strong>Rafael Hernando<\/strong>, quien realiza su gran aportaci\u00f3n al pensamiento conservador de <strong>C\u00e1novas, Maura y Gil Robles<\/strong>, \u00a1si levantaran la cabeza!: <em>Un partido no puede tener valores inquebrantables<\/em>. \u00bfTampoco el valor de la palabra dada, del Ius romano? <em>Los programas est\u00e1n para no cumplirlos <\/em>(<strong>Tierno Galv\u00e1n<\/strong>). Donde dije digo digo apaciguamiento. Sabemos d\u00f3nde est\u00e1 el bien y d\u00f3nde est\u00e1 el mal y cu\u00e1l es la zona peligrosa en la que con evidente da\u00f1o para el pueblo, se han refugiado quienes, sin credo definido, fecundan la confusi\u00f3n y pretenden conciliar pensamiento y marketing, t\u00e9rminos antit\u00e9ticos como la luz y la sombra.<\/p>\n\n\n\n<p class=\"wp-block-paragraph\">Deambula por ah\u00ed un pueblo que prefiere serlo de ciudadanos y no de partidos. De buenos&nbsp;administradores y no de comisarios. Que sabe que no son las buenas leyes sino las buenas pr\u00e1cticas las que transforman los pueblos convirti\u00e9ndolos en vivos y actuales con un puesto en el mundo. Es la diferencia entre pueblo organizado y masa, de la que habl\u00f3 <strong>P\u00edo XII<\/strong>. De eso ya nadie habla.<\/p>\n\n\n\n<p class=\"wp-block-paragraph\">Art\u00edculo publicado por Ra\u00fal Mayoral Benito en el diario digital <em>El Imparcial<\/em> el 19 de febrero de 2017. <a href=\"https:\/\/www.elimparcial.es\/noticia\/174747\/opinion\/el-pueblo.html\">https:\/\/www.elimparcial.es\/noticia\/174747\/opinion\/el-pueblo.html<\/a><\/p>\n\n\n\n<p class=\"wp-block-paragraph\">Fuente gr\u00e1fica: Dani Gago. <\/p>\n","protected":false},"excerpt":{"rendered":"<p>La \u00faltima vez que unos pol\u00edticos levantaron la falsa bandera de la defensa del pueblo lo entregaron luego atado de pies y manos al lager y al gulag (totalitarismos nazi y sovi\u00e9tico). El pueblo es a la ciencia pol\u00edtica lo que el perejil a la gastronom\u00eda: est\u00e1 en todas las salsas. Pero apenas se nota [&hellip;]<\/p>\n","protected":false},"author":1,"featured_media":616,"comment_status":"open","ping_status":"open","sticky":false,"template":"","format":"standard","meta":{"_crdt_document":"","om_disable_all_campaigns":false,"_monsterinsights_skip_tracking":false,"_monsterinsights_sitenote_active":false,"_monsterinsights_sitenote_note":"","_monsterinsights_sitenote_category":0,"_uf_show_specific_survey":0,"_uf_disable_surveys":false,"jetpack_post_was_ever_published":false,"_jetpack_newsletter_access":"","_jetpack_dont_email_post_to_subs":false,"_jetpack_newsletter_tier_id":0,"_jetpack_memberships_contains_paywalled_content":false,"_jetpack_memberships_contains_paid_content":false,"footnotes":"","jetpack_publicize_message":"","jetpack_publicize_feature_enabled":true,"jetpack_social_post_already_shared":false,"jetpack_social_options":{"image_generator_settings":{"template":"highway","default_image_id":0,"font":"","enabled":false},"version":2}},"categories":[21,9],"tags":[],"class_list":["post-612","post","type-post","status-publish","format-standard","has-post-thumbnail","hentry","category-el-imparcial","category-hemeroteca-2"],"aioseo_notices":[],"jetpack_publicize_connections":[],"jetpack_featured_media_url":"https:\/\/i0.wp.com\/www.raulmayoral.es\/wp-content\/uploads\/2020\/02\/El-pueblo-3.jpg?fit=488%2C288&ssl=1","jetpack-related-posts":[],"jetpack_sharing_enabled":true,"_links":{"self":[{"href":"https:\/\/www.raulmayoral.es\/index.php\/wp-json\/wp\/v2\/posts\/612","targetHints":{"allow":["GET"]}}],"collection":[{"href":"https:\/\/www.raulmayoral.es\/index.php\/wp-json\/wp\/v2\/posts"}],"about":[{"href":"https:\/\/www.raulmayoral.es\/index.php\/wp-json\/wp\/v2\/types\/post"}],"author":[{"embeddable":true,"href":"https:\/\/www.raulmayoral.es\/index.php\/wp-json\/wp\/v2\/users\/1"}],"replies":[{"embeddable":true,"href":"https:\/\/www.raulmayoral.es\/index.php\/wp-json\/wp\/v2\/comments?post=612"}],"version-history":[{"count":4,"href":"https:\/\/www.raulmayoral.es\/index.php\/wp-json\/wp\/v2\/posts\/612\/revisions"}],"predecessor-version":[{"id":619,"href":"https:\/\/www.raulmayoral.es\/index.php\/wp-json\/wp\/v2\/posts\/612\/revisions\/619"}],"wp:featuredmedia":[{"embeddable":true,"href":"https:\/\/www.raulmayoral.es\/index.php\/wp-json\/wp\/v2\/media\/616"}],"wp:attachment":[{"href":"https:\/\/www.raulmayoral.es\/index.php\/wp-json\/wp\/v2\/media?parent=612"}],"wp:term":[{"taxonomy":"category","embeddable":true,"href":"https:\/\/www.raulmayoral.es\/index.php\/wp-json\/wp\/v2\/categories?post=612"},{"taxonomy":"post_tag","embeddable":true,"href":"https:\/\/www.raulmayoral.es\/index.php\/wp-json\/wp\/v2\/tags?post=612"}],"curies":[{"name":"wp","href":"https:\/\/api.w.org\/{rel}","templated":true}]}}