{"id":654,"date":"2020-07-22T13:34:00","date_gmt":"2020-07-22T11:34:00","guid":{"rendered":"https:\/\/www.raulmayoral.es\/?p=654"},"modified":"2021-06-28T08:14:20","modified_gmt":"2021-06-28T06:14:20","slug":"cinicos","status":"publish","type":"post","link":"https:\/\/www.raulmayoral.es\/index.php\/2020\/07\/22\/cinicos\/","title":{"rendered":"C\u00ednicos"},"content":{"rendered":"\n<p class=\"wp-block-paragraph\">C\u00ednico es <strong>Oriol Junqueras<\/strong>, quien desde prisi\u00f3n ha declarado su acendrado amor a Espa\u00f1a y a los espa\u00f1oles \u00a1qu\u00e9 l\u00e1stima no poder corresponderle!. Pero m\u00e1s c\u00ednico es <strong>Pedro S\u00e1nchez<\/strong>, cuya breve deriva presidencial ha tenido mucho de farsa alcanzando su&nbsp;cinismo proporciones descomunales. Y c\u00ednicos son aquellos que ante el golpe separatista se resisten a afear ese ataque a la democracia postul\u00e1ndose con supina desfachatez como genuinos dem\u00f3cratas.<\/p>\n\n\n\n<p class=\"wp-block-paragraph\">Durante la inminente campa\u00f1a electoral, el rival m\u00e1s inc\u00f3modo para el candidato socialista ser\u00e1 la hemeroteca. Circulan por las redes sociales v\u00eddeos del ex presidente que revelan su especialidad en elevar la mentira a sistema de conducta. Desde aqu\u00e9l \u201cnunca ser\u00e9 presidente con el apoyo de los independentistas\u201d, al \u201csi yo tengo en mi direcci\u00f3n un responsable pol\u00edtico que crea una sociedad interpuesta para pagar menos impuestos, al d\u00eda siguiente estar\u00eda fuera\u201d, pasando por el \u201cs\u00ed hay delito de rebeli\u00f3n\u201do el reciente \u201cCasado y Rivera piden elecciones, que esperen sentados hasta el 2020\u201d, todo ello es una evidente muestra de su falta de respeto a la ciudadan\u00eda. Si la biblioteca Teseo le hizo perder el hilo de la autor\u00eda de su tesis doctoral, la hemeroteca puede ser el Minotauro que &nbsp;empitone a S\u00e1nchez acabando con su carrera pol\u00edtica.<\/p>\n\n\n\n<p class=\"wp-block-paragraph\">Suele ocurrir que los partidos en el poder acuden a las urnas fiados m\u00e1s en lo que han hecho que en lo que proyectan hacer. El problema para el PSOE es que durante estos meses en el Gobierno, apenas ha hecho nada bueno. En su discurso de la moci\u00f3n de censura, S\u00e1nchez propuso un programa para dar a Espa\u00f1a estabilidad econ\u00f3mica, laboral, presupuestaria y territorial, as\u00ed como regenerar la democracia. Hoy la econom\u00eda presenta &nbsp;signos de desaceleraci\u00f3n, el desempleo vuelve a crecer por la subida del SMI, no hay presupuestos y el separatismo continua desbocado. En cambio, se han obtenido logros en regeneraci\u00f3n democr\u00e1tica: en Andaluc\u00eda se ha desalojado del poder al partido de la corrupci\u00f3n. La osad\u00eda del sanchismo, al pretender gobernar con 84 diputados, termina pasando factura, la de sus acreedores a quienes prometi\u00f3 pagar una deuda impagable. Resulta parad\u00f3jico que S\u00e1nchez fuera expulsado de la Secretar\u00eda General del PSOE por sus propios correligionarios al pretender ser presidente del Gobierno pactando con el independentismo, y ese mismo independentismo rechaza sus presupuestos forz\u00e1ndole a convocar elecciones. Dime con qui\u00e9n andas y te dir\u00e9 de qu\u00e9 careces: de sentido de Estado.<\/p>\n\n\n\n<p class=\"wp-block-paragraph\">Con el cinismo y el narcisismo que le caracteriza, S\u00e1nchez basar\u00e1 su campa\u00f1a en lo ben\u00e9fico y dem\u00f3crata que es y en lo p\u00e9rfida y fascista que es la derecha, por un lado, y lo extremista y radical que es el separatismo, por otro. Seg\u00fan \u00e9l, ha sufrido una pinza entre la deslealtad de unos y el abuso de confianza de otros y as\u00ed resulta imposible gobernar. Lo que verdaderamente resulta imposible es combatir el golpismo con un presidente del Gobierno que ordena a la &nbsp;Abogac\u00eda del Estado suavizar la acusaci\u00f3n contra los golpistas y est\u00e1 dispuesto a indultarlos.<\/p>\n\n\n\n<p class=\"wp-block-paragraph\">Art\u00edculo publicado por Ra\u00fal Mayoral Benito en el diario digital <em>El Imparcial <\/em>el 17 de febrero de 2019. <a href=\"https:\/\/www.elimparcial.es\/noticia\/198594\/opinion\/cinicos.html\">https:\/\/www.elimparcial.es\/noticia\/198594\/opinion\/cinicos.html<\/a><\/p>\n","protected":false},"excerpt":{"rendered":"<p>C\u00ednico es Oriol Junqueras, quien desde prisi\u00f3n ha declarado su acendrado amor a Espa\u00f1a y a los espa\u00f1oles \u00a1qu\u00e9 l\u00e1stima no poder corresponderle!. Pero m\u00e1s c\u00ednico es Pedro S\u00e1nchez, cuya breve deriva presidencial ha tenido mucho de farsa alcanzando su&nbsp;cinismo proporciones descomunales. Y c\u00ednicos son aquellos que ante el golpe separatista se resisten a afear [&hellip;]<\/p>\n","protected":false},"author":1,"featured_media":745,"comment_status":"open","ping_status":"open","sticky":false,"template":"","format":"standard","meta":{"_crdt_document":"","om_disable_all_campaigns":false,"_monsterinsights_skip_tracking":false,"_monsterinsights_sitenote_active":false,"_monsterinsights_sitenote_note":"","_monsterinsights_sitenote_category":0,"_uf_show_specific_survey":0,"_uf_disable_surveys":false,"jetpack_post_was_ever_published":false,"_jetpack_newsletter_access":"","_jetpack_dont_email_post_to_subs":false,"_jetpack_newsletter_tier_id":0,"_jetpack_memberships_contains_paywalled_content":false,"_jetpack_memberships_contains_paid_content":false,"footnotes":"","jetpack_publicize_message":"","jetpack_publicize_feature_enabled":true,"jetpack_social_post_already_shared":false,"jetpack_social_options":{"image_generator_settings":{"template":"highway","default_image_id":0,"font":"","enabled":false},"version":2}},"categories":[21,9],"tags":[],"class_list":["post-654","post","type-post","status-publish","format-standard","has-post-thumbnail","hentry","category-el-imparcial","category-hemeroteca-2"],"aioseo_notices":[],"jetpack_publicize_connections":[],"jetpack_featured_media_url":"https:\/\/i0.wp.com\/www.raulmayoral.es\/wp-content\/uploads\/2020\/07\/cinicos-2.jpg?fit=620%2C349&ssl=1","jetpack-related-posts":[],"jetpack_sharing_enabled":true,"_links":{"self":[{"href":"https:\/\/www.raulmayoral.es\/index.php\/wp-json\/wp\/v2\/posts\/654","targetHints":{"allow":["GET"]}}],"collection":[{"href":"https:\/\/www.raulmayoral.es\/index.php\/wp-json\/wp\/v2\/posts"}],"about":[{"href":"https:\/\/www.raulmayoral.es\/index.php\/wp-json\/wp\/v2\/types\/post"}],"author":[{"embeddable":true,"href":"https:\/\/www.raulmayoral.es\/index.php\/wp-json\/wp\/v2\/users\/1"}],"replies":[{"embeddable":true,"href":"https:\/\/www.raulmayoral.es\/index.php\/wp-json\/wp\/v2\/comments?post=654"}],"version-history":[{"count":2,"href":"https:\/\/www.raulmayoral.es\/index.php\/wp-json\/wp\/v2\/posts\/654\/revisions"}],"predecessor-version":[{"id":746,"href":"https:\/\/www.raulmayoral.es\/index.php\/wp-json\/wp\/v2\/posts\/654\/revisions\/746"}],"wp:featuredmedia":[{"embeddable":true,"href":"https:\/\/www.raulmayoral.es\/index.php\/wp-json\/wp\/v2\/media\/745"}],"wp:attachment":[{"href":"https:\/\/www.raulmayoral.es\/index.php\/wp-json\/wp\/v2\/media?parent=654"}],"wp:term":[{"taxonomy":"category","embeddable":true,"href":"https:\/\/www.raulmayoral.es\/index.php\/wp-json\/wp\/v2\/categories?post=654"},{"taxonomy":"post_tag","embeddable":true,"href":"https:\/\/www.raulmayoral.es\/index.php\/wp-json\/wp\/v2\/tags?post=654"}],"curies":[{"name":"wp","href":"https:\/\/api.w.org\/{rel}","templated":true}]}}