{"id":680,"date":"2020-11-10T12:16:00","date_gmt":"2020-11-10T11:16:00","guid":{"rendered":"https:\/\/www.raulmayoral.es\/?p=680"},"modified":"2021-06-11T12:27:24","modified_gmt":"2021-06-11T10:27:24","slug":"alarma","status":"publish","type":"post","link":"https:\/\/www.raulmayoral.es\/index.php\/2020\/11\/10\/alarma\/","title":{"rendered":"Alarma"},"content":{"rendered":"\n<p class=\"wp-block-paragraph\">Hasta en cinco ocasiones un <strong>S\u00e1nchez<\/strong> desconcertado\u00a0y con sonrisa forzada\u00a0repiti\u00f3 ante la naci\u00f3n que el virus no distingue colores pol\u00edticos, ideolog\u00edas ni territorios. Semejante comentario, impensable en Italia, Alemania o Francia, provoca m\u00e1s alarma que el <em>coronavirus<\/em>. Pero era la <em>excusatio non petita<\/em>\u00a0a la <em>acusatio manifiesta <\/em>de quien ha practicado en la vida nacional una pol\u00edtica estrecha\u00a0y\u00a0sin vuelos, atizando\u00a0las\u00a0discordias\u00a0civiles, saturando de prejuicios ideol\u00f3gicos y exagerando la contraposici\u00f3n de intereses\u00a0entre los espa\u00f1oles. D\u00eda tras d\u00eda los italianos son m\u00e1s italianos, los alemanes m\u00e1s alemanes y los franceses m\u00e1s franceses, pero los espa\u00f1oles estamos cada vez m\u00e1s desunidos, observando perplejos la sectaria, raqu\u00edtica y miserable mentalidad de ciertos pol\u00edticos, especialmente dirigentes auton\u00f3micos.<\/p>\n\n\n\n<p class=\"wp-block-paragraph\">Una turbulenta atm\u00f3sfera de intrigas rodea ya a esa heterog\u00e9nea coalici\u00f3n que apuntala al Consejo de Ministros, del que emerge una inquietante humareda de ego\u00edsmos.&nbsp;Bien sabe el comunismo que todo lo que signifique confusi\u00f3n sirve para la causa revolucionaria y subversiva.&nbsp;Algunos se aplicaron decididamente a ello aunque sin lograr la puesta en marcha de sus colosales aparatos del colectivismo y nacionalizaci\u00f3n. Otros se delataron por su rasgo mas acusado: la ambici\u00f3n de poder, bajo la que se esconde un partidismo miope&nbsp;y cicatero&nbsp;y una indigencia de soluciones.<\/p>\n\n\n\n<p class=\"wp-block-paragraph\">Todo empez\u00f3 mal. Los espa\u00f1oles no somos de medias tintas, sino de francas y directas acciones. Preferimos saber antes que aprender despu\u00e9s. Cuando m\u00e1s necesaria&nbsp;era la claridad en las informaciones y la rapidez en las decisiones, el Gobierno receloso y corto de miras se limitaba&nbsp;de forma calamitosa a se\u00f1alar hechos&nbsp;sin sugerir remedios&nbsp;y a decir verdades parciales. Por tactismo ideol\u00f3gico compraron al feminismo la paz de un d\u00eda hipotecando durante meses la salud de muchos espa\u00f1oles. Y cuando una preocupaci\u00f3n com\u00fan se adue\u00f1\u00f3 de la ciudadan\u00eda decidieron finalmente&nbsp;cargar&nbsp;la escopeta&nbsp;mientras&nbsp;la perdiz quedaba&nbsp;fuera de tiro.&nbsp;Inevitable el resultado: Un Gobierno ineficaz, incapaz e impotente arrollado por los acontecimientos&nbsp;presentes y futuros: una peligrosa&nbsp;pandemia, un &nbsp;desorden productivo y una desintegraci\u00f3n econ\u00f3mica.<\/p>\n\n\n\n<p class=\"wp-block-paragraph\">Si salimos de esta crisis, no ser\u00e1 gracias al\u00a0Gobierno, sino a pesar del\u00a0Gobierno. En nuestra Historia hay momentos convulsos\u00a0en los que el pueblo espa\u00f1ol demostr\u00f3\u00a0m\u00e1s altura moral que sus dirigentes pol\u00edticos. El actual es uno de ellos. Con el esfuerzo de toda la naci\u00f3n,\u00a0con los recursos magn\u00edficos de abnegaci\u00f3n y de sacrificio que anidan\u00a0en nuestros\u00a0corazones\u00a0superaremos esta hora dif\u00edcil que debe servirnos de aglutinante. Es preciso agruparnos sin rivalidades ni odios y sacar a relucir nuestro gen unitivo nacional. Tiempo habr\u00e1 para el an\u00e1lisis minucioso\u00a0y la cr\u00edtica implacable.\u00a0Porque se pueden pedir cuentas a individuos, pero no se debe entorpecer la protecci\u00f3n y el bienestar para\u00a0un pueblo entero.\u00a0Tengamos confianza. Seamos disciplinados. Trabajemos sin descanso con afecto desinteresado y esp\u00edritu de cooperaci\u00f3n. Y, por supuesto, agradezcamos, admiremos y animemos con entusiasmo a esos luchadores infatigables de nuestro sistema sanitario que con generosidad y entrega han cogido a Espa\u00f1a en sus brazos. Soldados enviados a librar una guerra con el enemigo ya dentro.<\/p>\n\n\n\n<p class=\"wp-block-paragraph\">Art\u00edculo publicado por Ra\u00fal Mayoral Benito en el diario digital <em>El Imparcial<\/em> el 15 de marzo de 2020. <a href=\"https:\/\/www.elimparcial.es\/noticia\/211048\/opinion\/alarma.html\">https:\/\/www.elimparcial.es\/noticia\/211048\/opinion\/alarma.html<\/a><\/p>\n","protected":false},"excerpt":{"rendered":"<p>Hasta en cinco ocasiones un S\u00e1nchez desconcertado\u00a0y con sonrisa forzada\u00a0repiti\u00f3 ante la naci\u00f3n que el virus no distingue colores pol\u00edticos, ideolog\u00edas ni territorios. Semejante comentario, impensable en Italia, Alemania o Francia, provoca m\u00e1s alarma que el coronavirus. Pero era la excusatio non petita\u00a0a la acusatio manifiesta de quien ha practicado en la vida nacional una [&hellip;]<\/p>\n","protected":false},"author":1,"featured_media":681,"comment_status":"open","ping_status":"open","sticky":false,"template":"","format":"standard","meta":{"_crdt_document":"","om_disable_all_campaigns":false,"_monsterinsights_skip_tracking":false,"_monsterinsights_sitenote_active":false,"_monsterinsights_sitenote_note":"","_monsterinsights_sitenote_category":0,"_uf_show_specific_survey":0,"_uf_disable_surveys":false,"jetpack_post_was_ever_published":false,"_jetpack_newsletter_access":"","_jetpack_dont_email_post_to_subs":false,"_jetpack_newsletter_tier_id":0,"_jetpack_memberships_contains_paywalled_content":false,"_jetpack_memberships_contains_paid_content":false,"footnotes":"","jetpack_publicize_message":"","jetpack_publicize_feature_enabled":true,"jetpack_social_post_already_shared":false,"jetpack_social_options":{"image_generator_settings":{"template":"highway","default_image_id":0,"font":"","enabled":false},"version":2}},"categories":[21,9],"tags":[],"class_list":["post-680","post","type-post","status-publish","format-standard","has-post-thumbnail","hentry","category-el-imparcial","category-hemeroteca-2"],"aioseo_notices":[],"jetpack_publicize_connections":[],"jetpack_featured_media_url":"https:\/\/i0.wp.com\/www.raulmayoral.es\/wp-content\/uploads\/2021\/06\/Alarma.jpg?fit=508%2C358&ssl=1","jetpack-related-posts":[],"jetpack_sharing_enabled":true,"_links":{"self":[{"href":"https:\/\/www.raulmayoral.es\/index.php\/wp-json\/wp\/v2\/posts\/680","targetHints":{"allow":["GET"]}}],"collection":[{"href":"https:\/\/www.raulmayoral.es\/index.php\/wp-json\/wp\/v2\/posts"}],"about":[{"href":"https:\/\/www.raulmayoral.es\/index.php\/wp-json\/wp\/v2\/types\/post"}],"author":[{"embeddable":true,"href":"https:\/\/www.raulmayoral.es\/index.php\/wp-json\/wp\/v2\/users\/1"}],"replies":[{"embeddable":true,"href":"https:\/\/www.raulmayoral.es\/index.php\/wp-json\/wp\/v2\/comments?post=680"}],"version-history":[{"count":1,"href":"https:\/\/www.raulmayoral.es\/index.php\/wp-json\/wp\/v2\/posts\/680\/revisions"}],"predecessor-version":[{"id":682,"href":"https:\/\/www.raulmayoral.es\/index.php\/wp-json\/wp\/v2\/posts\/680\/revisions\/682"}],"wp:featuredmedia":[{"embeddable":true,"href":"https:\/\/www.raulmayoral.es\/index.php\/wp-json\/wp\/v2\/media\/681"}],"wp:attachment":[{"href":"https:\/\/www.raulmayoral.es\/index.php\/wp-json\/wp\/v2\/media?parent=680"}],"wp:term":[{"taxonomy":"category","embeddable":true,"href":"https:\/\/www.raulmayoral.es\/index.php\/wp-json\/wp\/v2\/categories?post=680"},{"taxonomy":"post_tag","embeddable":true,"href":"https:\/\/www.raulmayoral.es\/index.php\/wp-json\/wp\/v2\/tags?post=680"}],"curies":[{"name":"wp","href":"https:\/\/api.w.org\/{rel}","templated":true}]}}