{"id":686,"date":"2020-06-14T12:58:00","date_gmt":"2020-06-14T10:58:00","guid":{"rendered":"https:\/\/www.raulmayoral.es\/?p=686"},"modified":"2021-06-14T13:14:06","modified_gmt":"2021-06-14T11:14:06","slug":"ciberizquierda","status":"publish","type":"post","link":"https:\/\/www.raulmayoral.es\/index.php\/2020\/06\/14\/ciberizquierda\/","title":{"rendered":"Ciberizquierda"},"content":{"rendered":"\n<p class=\"wp-block-paragraph\">Como vuelve la burra al trigo, as\u00ed la izquierda espa\u00f1ola con <strong>Franco<\/strong>. No tenemos problemas suficientes en nuestras sociedades tan sofisticadas, entonces va la izquierda y se los inventa con esa insistente obsesi\u00f3n por inflamar la convivencia.\u00a0En lugar de defender la democracia contra los <em>ciberataques<\/em>\u00a0y la corrupci\u00f3n, incluida la moral (que ya infecta hasta la canci\u00f3n de Eurovisi\u00f3n), el izquierdismo se empe\u00f1a en arremeter contra un militar que lleva m\u00e1s de cuarenta a\u00f1os enterrado en el Valle de los Ca\u00eddos. Al contrario que <strong>Mac Arthur<\/strong>, Franco no dijo que volver\u00eda, pero la obsesi\u00f3n de algunos es ganarle al Caudillo la guerra civil. Incapaces de desalojarle del poder, el dictador muri\u00f3 en la cama, pretenden ahora sacarlo de su tumba. Hace tiempo que han perdido su rumbo y sus banderas no solo en Espa\u00f1a, sino tambi\u00e9n en el resto de Europa. Ya no se ocupan ni preocupan de la defensa de los d\u00e9biles. Han dejado de interesarse por los que estamos vivos dedic\u00e1ndose machaconamente a agitarnos y encresparnos mediante el uso y abuso de los muertos, tanto los de las zanjas, como los de los sepulcros y el callejero. Y as\u00ed no se progresa, sino se regresa. No se gobierna, sino que se \u00a0desmanda un pa\u00eds. No se genera concordia sino se reaviva el odio. Ese es el \u00fanico programa que ellos parecen querer cumplir.<\/p>\n\n\n\n<p class=\"wp-block-paragraph\">Aqu\u00e9l maestro de la democracia que fue <strong>Jean Fran\u00e7ois Revel<\/strong>, denunci\u00f3, sistem\u00e1tica e inapelablemente, el sinf\u00edn de r\u00e9moras de que adolece la izquierda: El sectarismo que le induce a anteponer siempre los intereses partidistas a los generales. La incapacidad para el juego limpio despreciando a todo el que no piensa como \u00e9l. La hipocres\u00eda demag\u00f3gica, ese oc\u00e9ano de paradojas, incoherencias y contradicciones en que se sumerge, evidenciando su devoci\u00f3n a la mentira y la manipulaci\u00f3n elevadas \u00e9stas a sistema de gobierno, de conducta y de victoria. La izquierda es, en fin, el caballo de Troya de los sistemas democr\u00e1ticos. Como esos virus troyanos campando a sus anchas por los terminales inform\u00e1ticos y bloqueando e inutilizando las redes digitales, as\u00ed se maneja la izquierda en las actuales sociedades democr\u00e1ticas tratando de abatir la estabilidad, el progreso y el bienestar de los ciudadanos. \u00a0<\/p>\n\n\n\n<p class=\"wp-block-paragraph\">La izquierda debiera evitar su extrav\u00edo y dejar de quebrar viejas telara\u00f1as de la historia, abandonar su partidismo estrecho que acarrea locuras extempor\u00e1neas y procedimientos anuladores de la libertad humana y ser m\u00e1s propicia para el sentido com\u00fan y el consenso, tan necesarios y convenientes hoy para una \u00f3ptima gobernaci\u00f3n del pa\u00eds. Debe favorecer un clima conciliador en el que resulte f\u00e1cil encontrar los t\u00e9rminos medios. Si hay diferencias irreconciliables entre los distintos dirigentes, la democracia se convierte en algo corrosivo e inestable. D\u00e9jense de desenterrar muertos no vaya a ser que acaben desenterrando los cables de fibra \u00f3ptica y paralicen el progreso y la prosperidad de la naci\u00f3n. Tendr\u00edamos que volver a cultivar helechos como en los <em>koljoses<\/em>.<\/p>\n\n\n\n<p class=\"wp-block-paragraph\">Art\u00edculo publicado por Ra\u00fal Mayoral Benito en el diario digital El Imparcial el 14 de mayo de 2017. <a href=\"https:\/\/www.elimparcial.es\/noticia\/177609\/ciberizquierda.html\">https:\/\/www.elimparcial.es\/noticia\/177609\/ciberizquierda.html<\/a><\/p>\n","protected":false},"excerpt":{"rendered":"<p>Como vuelve la burra al trigo, as\u00ed la izquierda espa\u00f1ola con Franco. No tenemos problemas suficientes en nuestras sociedades tan sofisticadas, entonces va la izquierda y se los inventa con esa insistente obsesi\u00f3n por inflamar la convivencia.\u00a0En lugar de defender la democracia contra los ciberataques\u00a0y la corrupci\u00f3n, incluida la moral (que ya infecta hasta la [&hellip;]<\/p>\n","protected":false},"author":1,"featured_media":687,"comment_status":"open","ping_status":"open","sticky":false,"template":"","format":"standard","meta":{"_crdt_document":"","om_disable_all_campaigns":false,"_monsterinsights_skip_tracking":false,"_monsterinsights_sitenote_active":false,"_monsterinsights_sitenote_note":"","_monsterinsights_sitenote_category":0,"_uf_show_specific_survey":0,"_uf_disable_surveys":false,"jetpack_post_was_ever_published":false,"_jetpack_newsletter_access":"","_jetpack_dont_email_post_to_subs":false,"_jetpack_newsletter_tier_id":0,"_jetpack_memberships_contains_paywalled_content":false,"_jetpack_memberships_contains_paid_content":false,"footnotes":"","jetpack_publicize_message":"","jetpack_publicize_feature_enabled":true,"jetpack_social_post_already_shared":false,"jetpack_social_options":{"image_generator_settings":{"template":"highway","default_image_id":0,"font":"","enabled":false},"version":2}},"categories":[21,9],"tags":[],"class_list":["post-686","post","type-post","status-publish","format-standard","has-post-thumbnail","hentry","category-el-imparcial","category-hemeroteca-2"],"aioseo_notices":[],"jetpack_publicize_connections":[],"jetpack_featured_media_url":"https:\/\/i0.wp.com\/www.raulmayoral.es\/wp-content\/uploads\/2021\/06\/ciberizquierda.jpg?fit=640%2C360&ssl=1","jetpack-related-posts":[],"jetpack_sharing_enabled":true,"_links":{"self":[{"href":"https:\/\/www.raulmayoral.es\/index.php\/wp-json\/wp\/v2\/posts\/686","targetHints":{"allow":["GET"]}}],"collection":[{"href":"https:\/\/www.raulmayoral.es\/index.php\/wp-json\/wp\/v2\/posts"}],"about":[{"href":"https:\/\/www.raulmayoral.es\/index.php\/wp-json\/wp\/v2\/types\/post"}],"author":[{"embeddable":true,"href":"https:\/\/www.raulmayoral.es\/index.php\/wp-json\/wp\/v2\/users\/1"}],"replies":[{"embeddable":true,"href":"https:\/\/www.raulmayoral.es\/index.php\/wp-json\/wp\/v2\/comments?post=686"}],"version-history":[{"count":1,"href":"https:\/\/www.raulmayoral.es\/index.php\/wp-json\/wp\/v2\/posts\/686\/revisions"}],"predecessor-version":[{"id":688,"href":"https:\/\/www.raulmayoral.es\/index.php\/wp-json\/wp\/v2\/posts\/686\/revisions\/688"}],"wp:featuredmedia":[{"embeddable":true,"href":"https:\/\/www.raulmayoral.es\/index.php\/wp-json\/wp\/v2\/media\/687"}],"wp:attachment":[{"href":"https:\/\/www.raulmayoral.es\/index.php\/wp-json\/wp\/v2\/media?parent=686"}],"wp:term":[{"taxonomy":"category","embeddable":true,"href":"https:\/\/www.raulmayoral.es\/index.php\/wp-json\/wp\/v2\/categories?post=686"},{"taxonomy":"post_tag","embeddable":true,"href":"https:\/\/www.raulmayoral.es\/index.php\/wp-json\/wp\/v2\/tags?post=686"}],"curies":[{"name":"wp","href":"https:\/\/api.w.org\/{rel}","templated":true}]}}